{"id":12744,"date":"2015-06-12T13:22:55","date_gmt":"2015-06-12T16:22:55","guid":{"rendered":"http:\/\/www.sincomam.org.br\/?p=12744"},"modified":"2015-06-12T13:22:55","modified_gmt":"2015-06-12T16:22:55","slug":"autoridades-atestam-eficiencia-ambiental-no-porto-de-paranagua","status":"publish","type":"post","link":"https:\/\/www.sincomam.org.br\/index.php\/autoridades-atestam-eficiencia-ambiental-no-porto-de-paranagua\/","title":{"rendered":"Autoridades atestam efici\u00eancia ambiental no Porto de Paranagu\u00e1"},"content":{"rendered":"<p>\u201cPara este ano, a previs\u00e3o da Appa \u00e9 investir R$360 milh\u00f5es nos portos paranaenses. J\u00e1 nos pr\u00f3ximos tr\u00eas anos, 2016 a 2018, os investimentos totalizam R$577 milh\u00f5es em projetos de infraestrutura, obras de reforma em ber\u00e7os de atraca\u00e7\u00e3o, a\u00e7\u00f5es cont\u00ednuas de manuten\u00e7\u00e3o e dragagem, entre outras a\u00e7\u00f5es\u201d, enumerou Luiz Henrique Dividino.<\/p>\n<p>Segundo ele, est\u00e3o programados investimentos em infraestrutura mar\u00edtima (reforma do cais j\u00e1 em andamento), infraestrutura de acostagem, e infraestrutura terrestre. Al\u00e9m disso, o Porto concluiu os projetos dos p\u00eders em T e p\u00eder em F, que funcionar\u00e3o como um novo sistema de embarque de gran\u00e9is s\u00f3lidos, aumentando a capacidade de escoamento de gr\u00e3os.<\/p>\n<p><strong>Refer\u00eancia <\/strong><\/p>\n<p>Para o deputado Rasca Rodrigues, que \u00e9 o presidente da Comiss\u00e3o de Ecologia e Meio Ambiente da Assembleia Legislativa, foi importante ver o Porto se aproximando da comunidade local e buscando a sintonia com o meio ambiente.<\/p>\n<p>\u201cHoje, os investimentos do Porto est\u00e3o sintonizados com as quest\u00f5es ambientais e o porto p\u00fablico tornou-se uma refer\u00eancia para o Brasil neste quesito. Os dados que nos foram apresentados, e verificamos em campo, demonstram que existe uma preocupa\u00e7\u00e3o com os impactos da atividade portu\u00e1ria sobre a atividade pesqueira, com a qualidade da \u00e1gua, com o controle de vetores e com a limpeza da cidade. \u00c9 uma grande evolu\u00e7\u00e3o\u201d, disse Rasca.<\/p>\n<p>As autoridades tiveram conhecimento das cerca de 30 licen\u00e7as ambientais obtidas pelo Porto, desde 2013, e emitidas pelos \u00f3rg\u00e3os ambientais federal e estadual. Cada licen\u00e7a ambiental possui dezenas de condicionantes que devem ser cumpridas para sua emiss\u00e3o. A comitiva tamb\u00e9m conheceu alguns dos 17 programas de meio ambiente executados pela Appa, entre eles o gerenciamento da \u00e1gua de lastro, coleta de res\u00edduos, monitoramento de ru\u00eddos e da qualidade do ar, monitoramento da fauna aqu\u00e1tica e outros.<\/p>\n<p>Para o deputado estadual Ti\u00e3o Medeiros, \u00e9 ineg\u00e1vel a evolu\u00e7\u00e3o do Porto de Paranagu\u00e1 no cumprimento da legisla\u00e7\u00e3o ambiental nos \u00faltimos anos. \u201cPodemos ver que a administra\u00e7\u00e3o est\u00e1 preocupada em elevar os \u00edndices de opera\u00e7\u00e3o e melhorar a rela\u00e7\u00e3o entre o porto e a cidade, com programas de educa\u00e7\u00e3o ambiental e controle dos impactos da atividade portu\u00e1ria\u201d, destacou Ti\u00e3o.<\/p>\n<p><strong>Porto-escola<\/strong><\/p>\n<p>Outra novidade da visita foi a participa\u00e7\u00e3o em uma aula do rec\u00e9m-lan\u00e7ado programa Porto-Escola, criado para ensinar no\u00e7\u00f5es de meio ambiente para alunos da rede municipal de ensino. Em tr\u00eas meses de programa, mais de 600 alunos j\u00e1 visitaram o porto.<\/p>\n<p>O secret\u00e1rio do Meio Ambiente e Recursos H\u00eddricos, Ricardo Soavinski, elogiou a evolu\u00e7\u00e3o e da melhoria da quest\u00e3o ambiental no Porto de Paranagu\u00e1. \u201cO Porto conta com todos os licenciamentos necess\u00e1rios tanto em n\u00edvel estadual como federal, coisa que poucos portos no pa\u00eds t\u00eam. Felizmente a atual administra\u00e7\u00e3o regularizou toda a situa\u00e7\u00e3o\u201d, relatou Soavinski.<\/p>\n<p>Ele mencionou ainda a import\u00e2ncia da educa\u00e7\u00e3o ambiental para alunos da rede p\u00fablica de ensino. \u201cAs crian\u00e7as ser\u00e3o as multiplicadoras das informa\u00e7\u00f5es sobre a import\u00e2ncia do porto para a cidade e do meio ambiente para todos n\u00f3s\u201d, ressaltou.<\/p>\n<p>O presidente do Instituto de Terras, Cartografia e Geoci\u00eancias, Am\u00edlcar Cabral, que coordenou o Zoneamento Ecol\u00f3gico e Econ\u00f4mico do Paran\u00e1 (ZEE), disse que o desenvolvimento dos portos paranaenses est\u00e1 sendo feito com base no documento. \u201c\u00c9 uma ferramenta de planejamento para a boa utiliza\u00e7\u00e3o do territ\u00f3rio. A Appa e os munic\u00edpios do Litoral j\u00e1 est\u00e3o utilizando o zoneamento para a tomada de decis\u00f5es, o que \u00e9 muito bom para o meio ambiente\u201d, refor\u00e7ou Am\u00edlcar.<\/p>\n<p>A visita contou ainda com a presen\u00e7a do diretor do Instituto \u00c1guas Paran\u00e1, Geraldo Alves; do chefe regional do Instituto Ambiental do Paran\u00e1 (IAP) no Litoral, Eros Amaral Ferreira; e de t\u00e9cnicos e especialistas na \u00e1rea ambiental.<\/p>\n<p>Fonte: Ag\u00eancia de Not\u00edcias do Paran\u00e1<\/p>\n","protected":false},"excerpt":{"rendered":"<p>\u201cPara este ano, a previs\u00e3o da Appa \u00e9 investir R$360 milh\u00f5es nos portos paranaenses. J\u00e1 nos pr\u00f3ximos tr\u00eas anos, 2016 a 2018, os investimentos totalizam&#8230;<\/p>\n","protected":false},"author":1182,"featured_media":0,"comment_status":"closed","ping_status":"closed","sticky":false,"template":"","format":"standard","meta":{"footnotes":""},"categories":[6],"tags":[],"class_list":["post-12744","post","type-post","status-publish","format-standard","hentry","category-noticias"],"_links":{"self":[{"href":"https:\/\/www.sincomam.org.br\/index.php\/wp-json\/wp\/v2\/posts\/12744","targetHints":{"allow":["GET"]}}],"collection":[{"href":"https:\/\/www.sincomam.org.br\/index.php\/wp-json\/wp\/v2\/posts"}],"about":[{"href":"https:\/\/www.sincomam.org.br\/index.php\/wp-json\/wp\/v2\/types\/post"}],"author":[{"embeddable":true,"href":"https:\/\/www.sincomam.org.br\/index.php\/wp-json\/wp\/v2\/users\/1182"}],"replies":[{"embeddable":true,"href":"https:\/\/www.sincomam.org.br\/index.php\/wp-json\/wp\/v2\/comments?post=12744"}],"version-history":[{"count":1,"href":"https:\/\/www.sincomam.org.br\/index.php\/wp-json\/wp\/v2\/posts\/12744\/revisions"}],"predecessor-version":[{"id":12745,"href":"https:\/\/www.sincomam.org.br\/index.php\/wp-json\/wp\/v2\/posts\/12744\/revisions\/12745"}],"wp:attachment":[{"href":"https:\/\/www.sincomam.org.br\/index.php\/wp-json\/wp\/v2\/media?parent=12744"}],"wp:term":[{"taxonomy":"category","embeddable":true,"href":"https:\/\/www.sincomam.org.br\/index.php\/wp-json\/wp\/v2\/categories?post=12744"},{"taxonomy":"post_tag","embeddable":true,"href":"https:\/\/www.sincomam.org.br\/index.php\/wp-json\/wp\/v2\/tags?post=12744"}],"curies":[{"name":"wp","href":"https:\/\/api.w.org\/{rel}","templated":true}]}}