{"id":12738,"date":"2015-06-12T09:37:14","date_gmt":"2015-06-12T12:37:14","guid":{"rendered":"http:\/\/www.sincomam.org.br\/?p=12738"},"modified":"2015-06-12T09:37:14","modified_gmt":"2015-06-12T12:37:14","slug":"edital-de-licitacao-de-29-portos-sai-ate-fim-de-junho-diz-ministro","status":"publish","type":"post","link":"https:\/\/www.sincomam.org.br\/index.php\/edital-de-licitacao-de-29-portos-sai-ate-fim-de-junho-diz-ministro\/","title":{"rendered":"Edital de licita\u00e7\u00e3o de 29 portos sai at\u00e9 fim de junho, diz Ministro"},"content":{"rendered":"<p>A expectativa do ministro-chefe da Secretaria de Portos, Edinho Ara\u00fajo, \u00e9 de que a publica\u00e7\u00e3o do edital de licita\u00e7\u00e3o do primeiro bloco de portos ocorra at\u00e9 o final deste m\u00eas. No primeiro bloco, ser\u00e3o arrendados 29 terminais j\u00e1 aprovados pelo Tribunal de Contas da Uni\u00e3o (TCU) \u2013 nove em Santos, S\u00e3o Paulo, e 20 no Par\u00e1. O investimento estimado pelo Programa de Investimento em Log\u00edstica para esses empreendimentos \u00e9 R$ 4,7 bilh\u00f5es.<\/p>\n<p>\u201cEstou com uma pressa imensa. Como a consulta no TCU demandou algum tempo, tendo em vista a an\u00e1lise cuidadosa do tribunal, agora estamos voltando a mobilizar toda a equipe. Isso com certeza ser\u00e1 contemplado ainda no primeiro semestre [de 2015]\u201d, disse ele, ap\u00f3s participar do Programa Bom Dia, Ministro.<\/p>\n<p>A prioridade dada aos portos de S\u00e3o Paulo e do Par\u00e1 deve-se \u00e0 fase mais adiantada em que os processos de arrendamentos est\u00e3o no tribunal. \u201cS\u00e3o processos que entraram no TCU em outubro de 2013. Portanto, estamos extraindo as \u00e1reas que s\u00e3o menos conflituosas e que j\u00e1 est\u00e3o analisadas. Por isso, elas \u00e9 que ser\u00e3o licitadas inicialmente\u201d, acrescentou.<\/p>\n<p>Fonte: Ag\u00eancia Brasil<\/p>\n","protected":false},"excerpt":{"rendered":"<p>A expectativa do ministro-chefe da Secretaria de Portos, Edinho Ara\u00fajo, \u00e9 de que a publica\u00e7\u00e3o do edital de licita\u00e7\u00e3o do primeiro bloco de portos ocorra&#8230;<\/p>\n","protected":false},"author":1182,"featured_media":286,"comment_status":"closed","ping_status":"closed","sticky":false,"template":"","format":"standard","meta":{"footnotes":""},"categories":[6],"tags":[],"class_list":["post-12738","post","type-post","status-publish","format-standard","has-post-thumbnail","hentry","category-noticias"],"_links":{"self":[{"href":"https:\/\/www.sincomam.org.br\/index.php\/wp-json\/wp\/v2\/posts\/12738","targetHints":{"allow":["GET"]}}],"collection":[{"href":"https:\/\/www.sincomam.org.br\/index.php\/wp-json\/wp\/v2\/posts"}],"about":[{"href":"https:\/\/www.sincomam.org.br\/index.php\/wp-json\/wp\/v2\/types\/post"}],"author":[{"embeddable":true,"href":"https:\/\/www.sincomam.org.br\/index.php\/wp-json\/wp\/v2\/users\/1182"}],"replies":[{"embeddable":true,"href":"https:\/\/www.sincomam.org.br\/index.php\/wp-json\/wp\/v2\/comments?post=12738"}],"version-history":[{"count":1,"href":"https:\/\/www.sincomam.org.br\/index.php\/wp-json\/wp\/v2\/posts\/12738\/revisions"}],"predecessor-version":[{"id":12739,"href":"https:\/\/www.sincomam.org.br\/index.php\/wp-json\/wp\/v2\/posts\/12738\/revisions\/12739"}],"wp:featuredmedia":[{"embeddable":true,"href":"https:\/\/www.sincomam.org.br\/index.php\/wp-json\/wp\/v2\/media\/286"}],"wp:attachment":[{"href":"https:\/\/www.sincomam.org.br\/index.php\/wp-json\/wp\/v2\/media?parent=12738"}],"wp:term":[{"taxonomy":"category","embeddable":true,"href":"https:\/\/www.sincomam.org.br\/index.php\/wp-json\/wp\/v2\/categories?post=12738"},{"taxonomy":"post_tag","embeddable":true,"href":"https:\/\/www.sincomam.org.br\/index.php\/wp-json\/wp\/v2\/tags?post=12738"}],"curies":[{"name":"wp","href":"https:\/\/api.w.org\/{rel}","templated":true}]}}