{"id":12732,"date":"2015-06-11T11:52:11","date_gmt":"2015-06-11T14:52:11","guid":{"rendered":"http:\/\/www.sincomam.org.br\/?p=12732"},"modified":"2015-06-11T11:52:11","modified_gmt":"2015-06-11T14:52:11","slug":"porto-no-distrito-de-manaus-e-incluido-no-programa-de-logistica-da-uniao","status":"publish","type":"post","link":"https:\/\/www.sincomam.org.br\/index.php\/porto-no-distrito-de-manaus-e-incluido-no-programa-de-logistica-da-uniao\/","title":{"rendered":"Porto no distrito de Manaus \u00e9 inclu\u00eddo no programa de log\u00edstica da Uni\u00e3o"},"content":{"rendered":"<p>Programa de Investimento em Log\u00edstica (PIL), lan\u00e7ado pela presidente Dilma Rousseff, ontem, ter\u00e7a-feira, em Bras\u00edlia, incluiu o arrendamento de um novo porto no Distrito Industrial com lance m\u00ednimo de R$ 890 milh\u00f5es e oito Terminais de Uso Privado (TUPs), em processo de autoriza\u00e7\u00e3o pela Secretaria de Portos, informou a Secretaria de Comunica\u00e7\u00e3o do Estado (Secom).<\/p>\n<p>Com capacidade de movimenta\u00e7\u00e3o de cont\u00eaineres de, aproximadamente, 7,9 milh\u00f5es de toneladas, o futuro porto tem prazo de concess\u00e3o previsto\u00a0 de 25 anos e a licita\u00e7\u00e3o deve ocorrer no primeiro semestre de 2016. Tamb\u00e9m est\u00e1 em an\u00e1lise pela Secretaria de Portos, a autoriza\u00e7\u00e3o para os terminais, com investimento de R$ 93 milh\u00f5es. Os oito TUPs s\u00e3o: Petrobras Distribuidora-Bemar III-Teman; Ponta Negra Administra\u00e7\u00e3o e Empreendimentos Imobili\u00e1rios Ltda.; Transale-Transportadora Ale; Itaipava; Itacal\u2013Itacoatiara Calc\u00e1rios; Rio Amazonas Terminais; Saint-Gobain do Brasil Produtos Industriais e para Constru\u00e7\u00e3o e J.A. Leite Navega\u00e7\u00e3o.<\/p>\n<p>O governador Jos\u00e9 Melo participou da solenidade no Pal\u00e1cio do Planalto, ao lado de outros 13 governadores cujos Estados ser\u00e3o contemplados no programa.\u00a0 Melo adiantou que negocia a inclus\u00e3o dos outros projetos\u00a0 para a pr\u00f3xima etapa do programa, atendendo as necessidades da ind\u00fastria, como a inclus\u00e3o do Aeroporto Internacional Eduardo Gomes, a duplica\u00e7\u00e3o da AM-010, a constru\u00e7\u00e3o de um porto em Itacoatiara e a conclus\u00e3o da BR-319 (Manaus-Porto Velho).<\/p>\n<p>Fonte: Portal d24AM<\/p>\n","protected":false},"excerpt":{"rendered":"<p>Programa de Investimento em Log\u00edstica (PIL), lan\u00e7ado pela presidente Dilma Rousseff, ontem, ter\u00e7a-feira, em Bras\u00edlia, incluiu o arrendamento de um novo porto no Distrito Industrial&#8230;<\/p>\n","protected":false},"author":1182,"featured_media":6060,"comment_status":"closed","ping_status":"closed","sticky":false,"template":"","format":"standard","meta":{"footnotes":""},"categories":[6],"tags":[],"class_list":["post-12732","post","type-post","status-publish","format-standard","has-post-thumbnail","hentry","category-noticias"],"_links":{"self":[{"href":"https:\/\/www.sincomam.org.br\/index.php\/wp-json\/wp\/v2\/posts\/12732","targetHints":{"allow":["GET"]}}],"collection":[{"href":"https:\/\/www.sincomam.org.br\/index.php\/wp-json\/wp\/v2\/posts"}],"about":[{"href":"https:\/\/www.sincomam.org.br\/index.php\/wp-json\/wp\/v2\/types\/post"}],"author":[{"embeddable":true,"href":"https:\/\/www.sincomam.org.br\/index.php\/wp-json\/wp\/v2\/users\/1182"}],"replies":[{"embeddable":true,"href":"https:\/\/www.sincomam.org.br\/index.php\/wp-json\/wp\/v2\/comments?post=12732"}],"version-history":[{"count":1,"href":"https:\/\/www.sincomam.org.br\/index.php\/wp-json\/wp\/v2\/posts\/12732\/revisions"}],"predecessor-version":[{"id":12733,"href":"https:\/\/www.sincomam.org.br\/index.php\/wp-json\/wp\/v2\/posts\/12732\/revisions\/12733"}],"wp:featuredmedia":[{"embeddable":true,"href":"https:\/\/www.sincomam.org.br\/index.php\/wp-json\/wp\/v2\/media\/6060"}],"wp:attachment":[{"href":"https:\/\/www.sincomam.org.br\/index.php\/wp-json\/wp\/v2\/media?parent=12732"}],"wp:term":[{"taxonomy":"category","embeddable":true,"href":"https:\/\/www.sincomam.org.br\/index.php\/wp-json\/wp\/v2\/categories?post=12732"},{"taxonomy":"post_tag","embeddable":true,"href":"https:\/\/www.sincomam.org.br\/index.php\/wp-json\/wp\/v2\/tags?post=12732"}],"curies":[{"name":"wp","href":"https:\/\/api.w.org\/{rel}","templated":true}]}}