{"id":12721,"date":"2015-06-11T11:02:43","date_gmt":"2015-06-11T14:02:43","guid":{"rendered":"http:\/\/www.sincomam.org.br\/?p=12721"},"modified":"2015-06-11T11:02:43","modified_gmt":"2015-06-11T14:02:43","slug":"marinha-comemora-150-anos-da-batalha-naval-do-riachuelo-com-atividades-em-todo-o-pais","status":"publish","type":"post","link":"https:\/\/www.sincomam.org.br\/index.php\/marinha-comemora-150-anos-da-batalha-naval-do-riachuelo-com-atividades-em-todo-o-pais\/","title":{"rendered":"Marinha comemora 150 anos da Batalha Naval do Riachuelo com atividades em todo o pa\u00eds"},"content":{"rendered":"<p><strong><em>Desfiles, regatas, exposi\u00e7\u00f5es de arte e de material, apresenta\u00e7\u00f5es de banda, corridas e visita\u00e7\u00f5es a navios s\u00e3o alguns dos eventos programados <\/em><\/strong><\/p>\n<p>A Marinha do Brasil (MB) celebra hoje (11) seus 150 anos da Batalha Naval do Riachuelo, considerada o ponto de inflex\u00e3o da Guerra da Tr\u00edplice Alian\u00e7a e decisiva para a vit\u00f3ria do Brasil e de seus aliados.<\/p>\n<p>Neste ano, em Bras\u00edlia, a cerim\u00f4nia de anivers\u00e1rio da Batalha Naval do Riachuelo ser\u00e1 realizada no Grupamento de Fuzileiros Navais de Bras\u00edlia, \u00e0s 9h, e contar\u00e1 com a presen\u00e7a do Vice-Presidente da Rep\u00fablica, Michel Temer.<\/p>\n<p><strong>Hist\u00f3ria<\/strong><\/p>\n<p>\u00a0\u00a0\u00a0\u00a0\u00a0\u00a0\u00a0 A Batalha aconteceu no dia 11 de junho de 1865 e proporcionou o dom\u00ednio do Rio Paran\u00e1 at\u00e9 o Paraguai, garantindo o controle da navega\u00e7\u00e3o fluvial aos aliados. Embora a guerra tenha se prolongado at\u00e9 1870, a vit\u00f3ria em Riachuelo foi determinante para o avan\u00e7o dos aliados sobre o territ\u00f3rio inimigo. Desde ent\u00e3o, anualmente, em 11 de junho, Data Magna da Marinha, comemoram-se os feitos heroicos daqueles que lutaram nesse confronto, reconhecendo-os como exemplos e lembrando seus atos \u00e0s gera\u00e7\u00f5es que os sucederam.<\/p>\n<p>Fonte: Reda\u00e7\u00e3o SINCOMAM<\/p>\n","protected":false},"excerpt":{"rendered":"<p>Desfiles, regatas, exposi\u00e7\u00f5es de arte e de material, apresenta\u00e7\u00f5es de banda, corridas e visita\u00e7\u00f5es a navios s\u00e3o alguns dos eventos programados A Marinha do Brasil&#8230;<\/p>\n","protected":false},"author":1182,"featured_media":9404,"comment_status":"closed","ping_status":"closed","sticky":false,"template":"","format":"standard","meta":{"footnotes":""},"categories":[6],"tags":[],"class_list":["post-12721","post","type-post","status-publish","format-standard","has-post-thumbnail","hentry","category-noticias"],"_links":{"self":[{"href":"https:\/\/www.sincomam.org.br\/index.php\/wp-json\/wp\/v2\/posts\/12721","targetHints":{"allow":["GET"]}}],"collection":[{"href":"https:\/\/www.sincomam.org.br\/index.php\/wp-json\/wp\/v2\/posts"}],"about":[{"href":"https:\/\/www.sincomam.org.br\/index.php\/wp-json\/wp\/v2\/types\/post"}],"author":[{"embeddable":true,"href":"https:\/\/www.sincomam.org.br\/index.php\/wp-json\/wp\/v2\/users\/1182"}],"replies":[{"embeddable":true,"href":"https:\/\/www.sincomam.org.br\/index.php\/wp-json\/wp\/v2\/comments?post=12721"}],"version-history":[{"count":1,"href":"https:\/\/www.sincomam.org.br\/index.php\/wp-json\/wp\/v2\/posts\/12721\/revisions"}],"predecessor-version":[{"id":12722,"href":"https:\/\/www.sincomam.org.br\/index.php\/wp-json\/wp\/v2\/posts\/12721\/revisions\/12722"}],"wp:featuredmedia":[{"embeddable":true,"href":"https:\/\/www.sincomam.org.br\/index.php\/wp-json\/wp\/v2\/media\/9404"}],"wp:attachment":[{"href":"https:\/\/www.sincomam.org.br\/index.php\/wp-json\/wp\/v2\/media?parent=12721"}],"wp:term":[{"taxonomy":"category","embeddable":true,"href":"https:\/\/www.sincomam.org.br\/index.php\/wp-json\/wp\/v2\/categories?post=12721"},{"taxonomy":"post_tag","embeddable":true,"href":"https:\/\/www.sincomam.org.br\/index.php\/wp-json\/wp\/v2\/tags?post=12721"}],"curies":[{"name":"wp","href":"https:\/\/api.w.org\/{rel}","templated":true}]}}