{"id":12711,"date":"2015-06-11T08:55:32","date_gmt":"2015-06-11T11:55:32","guid":{"rendered":"http:\/\/www.sincomam.org.br\/?p=12711"},"modified":"2015-06-11T08:55:32","modified_gmt":"2015-06-11T11:55:32","slug":"confirmado-maranhao-tera-22-novos-blocos-de-exploracao-de-gas","status":"publish","type":"post","link":"https:\/\/www.sincomam.org.br\/index.php\/confirmado-maranhao-tera-22-novos-blocos-de-exploracao-de-gas\/","title":{"rendered":"Confirmado: Maranh\u00e3o ter\u00e1 22 novos blocos de explora\u00e7\u00e3o de g\u00e1s"},"content":{"rendered":"<p>O Maranh\u00e3o volta \u00e0 cena nacional da produ\u00e7\u00e3o de matriz energ\u00e9tica com a nova decis\u00e3o da Ag\u00eancia Nacional de Petr\u00f3leo (ANP) em incluir 22 blocos da Bacia do Parna\u00edba nos leil\u00f5es nacionais para explora\u00e7\u00e3o de g\u00e1s natural que ser\u00e3o realizados no m\u00eas de outubro. A decis\u00e3o foi informada pela presidenta da ANP, Magda Chambriard, ao governador Fl\u00e1vio Dino durante reuni\u00e3o em Bras\u00edlia, na sede do \u00f3rg\u00e3o.<\/p>\n<p>O Conselho Nacional de Pol\u00edtica Energ\u00e9tica aprovou nesta ter\u00e7a (9) a resolu\u00e7\u00e3o que autoriza a Ag\u00eancia Nacional do Petr\u00f3leo a realizar a 13\u00aa rodada de licita\u00e7\u00f5es para explora\u00e7\u00e3o de g\u00e1s no pa\u00eds. A Bacia do Parna\u00edba, localizada no Maranh\u00e3o, ser\u00e1 contemplada com o leil\u00e3o de 22 blocos de explora\u00e7\u00e3o de g\u00e1s natural \u2013 uma importante vertente de investimento no Estado.<\/p>\n<p>A resolu\u00e7\u00e3o foi publicada no Di\u00e1rio Oficial da Uni\u00e3o, prevendo ainda que a rodada de leil\u00f5es aconte\u00e7a nos dias 7 e 8 de outubro \u2013 data na qual as empresas interessadas em explorar o g\u00e1s terrestre da Bacia do Parna\u00edba poder\u00e3o negociar a explora\u00e7\u00e3o de cada um dos blocos disponibilizados pela Ag\u00eancia para o certame.<\/p>\n<p>A informa\u00e7\u00e3o foi dada por Magda Chambriard, que recebeu o governador Fl\u00e1vio Dino, o secret\u00e1rio de Estado Ricardo Capelli e o deputado federal Jos\u00e9 Reinaldo Tavares para discutir os pr\u00f3ximos passos para investimentos no Maranh\u00e3o. Na opini\u00e3o da presidenta da ANP, o desenvolvimento da explora\u00e7\u00e3o de g\u00e1s no Maranh\u00e3o \u00e9 decisivo para o fortalecimento da pol\u00edtica nacional de industrializa\u00e7\u00e3o.<\/p>\n<p>\u201cN\u00e3o d\u00e1 para falar de explora\u00e7\u00e3o de g\u00e1s no Brasil nos pr\u00f3ximos anos sem falar no Maranh\u00e3o, pois o Estado faz parte do projeto estruturante para o plano nacional\u201d, destacou a presidenta da ANP durante a reuni\u00e3o, afirmando ainda que a ANP tem interesse em acelerar a explora\u00e7\u00e3o e a produ\u00e7\u00e3o de g\u00e1s e energia no Maranh\u00e3o.<\/p>\n<p>Apostando na crescente import\u00e2ncia do Estado no cen\u00e1rio de explora\u00e7\u00e3o de g\u00e1s no Brasil, Fl\u00e1vio Dino comentou o mais novo avan\u00e7o anunciado pelo Governo Federal. Para ele, a consolida\u00e7\u00e3o do Maranh\u00e3o como produtor de uma matriz energ\u00e9tica em expans\u00e3o no pa\u00eds recoloca o Estado no cen\u00e1rio da industrializa\u00e7\u00e3o nacional, j\u00e1 que a produ\u00e7\u00e3o de energia \u00e9 uma das pr\u00e9-condi\u00e7\u00f5es para o crescimento do pa\u00eds.<\/p>\n<p>Hoje, o Maranh\u00e3o produz 2 milh\u00f5es de m\u00b3 de g\u00e1s natural e, com os novos investimentos em constru\u00e7\u00e3o a partir de 2015, chegar\u00e1 a 5 milh\u00f5es de m\u00b3 a partir de 2016. Para esse crescimento, foi fundamental a declara\u00e7\u00e3o de comercialidade da Bacia Terrestre do Parna\u00edba, autorizada por Fl\u00e1vio Dino no m\u00eas de mar\u00e7o.<\/p>\n<p>Os novos leil\u00f5es que acontecer\u00e3o em outubro dar\u00e3o amplitude ainda maior para o Maranh\u00e3o no cen\u00e1rio nacional da explora\u00e7\u00e3o de g\u00e1s natural \u2013 com potencial ainda a ser dimensionado a partir das opera\u00e7\u00f5es que se iniciam com a realiza\u00e7\u00e3o dos certames referentes aos 22 blocos.<\/p>\n<p><strong>Porto do Itaqui<\/strong><\/p>\n<p>Al\u00e9m das condi\u00e7\u00f5es de produ\u00e7\u00e3o energ\u00e9tica, a posi\u00e7\u00e3o geogr\u00e1fica do Maranh\u00e3o tamb\u00e9m o coloca em posi\u00e7\u00e3o competitiva diante dos demais estados brasileiros. Isto porque opera\u00e7\u00f5es de trocas comerciais nacionais e internacionais de grande porte s\u00e3o viabilizadas pela condi\u00e7\u00e3o log\u00edstica natural que o Porto do Itaqui possui.<\/p>\n<p>Na \u00faltima ter\u00e7a (9), a presidenta Dilma Rousseff anunciou a inclus\u00e3o do porto maranhense no Programa de Investimento em Log\u00edstica nacional, com a abertura de certame para opera\u00e7\u00e3o privada de dois novos terminais no Porto do Itaqui.<\/p>\n<p>O governador considera os dois novos investimentos fundamentais para o Maranh\u00e3o, que se fortalece no cen\u00e1rio nacional como refer\u00eancia em log\u00edstica e produ\u00e7\u00e3o de energia. \u201cAssim vamos cuidando de reposicionar o Maranh\u00e3o no cen\u00e1rio industrial do pa\u00eds. O Governo do Estado possui uma postura ousada e comprometida com os novos investimentos que se anunciam para o Maranh\u00e3o. Temos certeza de que estamos no caminho certo,\u201d destacou Fl\u00e1vio Dino.<\/p>\n<p>Fonte: Jornal Meio Norte Maranh\u00e3o<\/p>\n","protected":false},"excerpt":{"rendered":"<p>O Maranh\u00e3o volta \u00e0 cena nacional da produ\u00e7\u00e3o de matriz energ\u00e9tica com a nova decis\u00e3o da Ag\u00eancia Nacional de Petr\u00f3leo (ANP) em incluir 22 blocos&#8230;<\/p>\n","protected":false},"author":1182,"featured_media":0,"comment_status":"closed","ping_status":"closed","sticky":false,"template":"","format":"standard","meta":{"footnotes":""},"categories":[6],"tags":[],"class_list":["post-12711","post","type-post","status-publish","format-standard","hentry","category-noticias"],"_links":{"self":[{"href":"https:\/\/www.sincomam.org.br\/index.php\/wp-json\/wp\/v2\/posts\/12711","targetHints":{"allow":["GET"]}}],"collection":[{"href":"https:\/\/www.sincomam.org.br\/index.php\/wp-json\/wp\/v2\/posts"}],"about":[{"href":"https:\/\/www.sincomam.org.br\/index.php\/wp-json\/wp\/v2\/types\/post"}],"author":[{"embeddable":true,"href":"https:\/\/www.sincomam.org.br\/index.php\/wp-json\/wp\/v2\/users\/1182"}],"replies":[{"embeddable":true,"href":"https:\/\/www.sincomam.org.br\/index.php\/wp-json\/wp\/v2\/comments?post=12711"}],"version-history":[{"count":1,"href":"https:\/\/www.sincomam.org.br\/index.php\/wp-json\/wp\/v2\/posts\/12711\/revisions"}],"predecessor-version":[{"id":12712,"href":"https:\/\/www.sincomam.org.br\/index.php\/wp-json\/wp\/v2\/posts\/12711\/revisions\/12712"}],"wp:attachment":[{"href":"https:\/\/www.sincomam.org.br\/index.php\/wp-json\/wp\/v2\/media?parent=12711"}],"wp:term":[{"taxonomy":"category","embeddable":true,"href":"https:\/\/www.sincomam.org.br\/index.php\/wp-json\/wp\/v2\/categories?post=12711"},{"taxonomy":"post_tag","embeddable":true,"href":"https:\/\/www.sincomam.org.br\/index.php\/wp-json\/wp\/v2\/tags?post=12711"}],"curies":[{"name":"wp","href":"https:\/\/api.w.org\/{rel}","templated":true}]}}