{"id":12690,"date":"2015-06-10T10:06:12","date_gmt":"2015-06-10T13:06:12","guid":{"rendered":"http:\/\/www.sincomam.org.br\/?p=12690"},"modified":"2015-06-10T10:06:12","modified_gmt":"2015-06-10T13:06:12","slug":"porto-no-polo-industrial-de-manaus-tera-investimento-de-r-890-milhoes","status":"publish","type":"post","link":"https:\/\/www.sincomam.org.br\/index.php\/porto-no-polo-industrial-de-manaus-tera-investimento-de-r-890-milhoes\/","title":{"rendered":"Porto no polo industrial de Manaus ter\u00e1 investimento de R$ 890 milh\u00f5es"},"content":{"rendered":"<p>O setor portu\u00e1rio em Manaus deve receber investimentos nos pr\u00f3ximos anos. O an\u00fancio foi feito nesta ter\u00e7a-feira (9) pela presidente Dilma Rousseff durante lan\u00e7amento da segunda etapa do Programa de Investimento em Log\u00edstica (PIL). O Governo do Estado afirma que a medida ir\u00e1 beneficiar a Zona Franca de Manaus (ZFM).<\/p>\n<p>Com previs\u00e3o de investimentos de R$ 198,4 bilh\u00f5es nos pr\u00f3ximos anos em todo o pa\u00eds, o PIL prev\u00ea a concess\u00e3o de aeroportos, rodovias, ferrovias e portos.<\/p>\n<p>Para Manaus, os investimentos previstos chegam a R$ 890,89 milh\u00f5es com o arrendamento, por meio de outorga, de um porto que ser\u00e1 localizado no Distrito Industrial. O pacote integra o bloco 2 de a\u00e7\u00f5es voltadas aos perfis de carga tipo cont\u00eaineres. Segundo o Governo Federal, a capacidade do terminal ser\u00e1 de 7,92 milh\u00f5es de toneladas. O prazo de concess\u00e3o \u00e0 iniciativa \u00e9 de 25 anos. A licita\u00e7\u00e3o deve ocorrer no primeiro semestre de 2016.<\/p>\n<p><strong>Uso privado<\/strong><\/p>\n<p>O pacote de investimento ainda prev\u00ea a autoriza\u00e7\u00e3o de oito Terminais de Uso Privado (TUPs) dentro do Porto de Manaus. Em an\u00e1lise est\u00e3o TUPs da Petrobras (R$ 57,56 mi), Saint-Gobain do Brasil (R$ 18,08 mi), Rio Amazonas (R$ 6,00 mi), ITACAL- Itacoatiara Calc\u00e1rio Ltda (R$ 2,5 mi), Itaipava S.A (R$ 3,11 mi), Transale (R$3,50 mi), Ponta Negra Administra\u00e7\u00e3o e Empreendimentos Imobili\u00e1rios Ltda (R$ 1,86 mi). O valor total \u00e9 de R$ 93,09 milh\u00f5es.<\/p>\n<p>Manaus integra ainda um bloco 2 de arrendamentos que incluiu, ao todo, 21 terminais. Junto a Manaus est\u00e3o terminais de Paranagu\u00e1, Santana, Suape (2), S\u00e3o Sebasti\u00e3o e S\u00e3o Francisco do Sul. Os investimentos previstos s\u00e3o de R$ 3,2 bilh\u00f5es.<\/p>\n<p>O governador do Amazonas, Jos\u00e9 Melo, observou que a medida deve fomentar a economia, beneficiando a Zona Franca de Manaus. &#8220;Esses investimentos todos v\u00e3o com certeza alavancar a economia e aumentar o poder aquisitivo daqueles que s\u00e3o nossos maiores compradores dos produtos da Zona Franca de Manaus, que s\u00e3o justamente os brasileiros&#8221;, disse Melo, por meio da assessoria.<\/p>\n<p>O Governo do Amazonas informou que negocia a inclus\u00e3o dos outros projetos da \u00e1rea de log\u00edstica do Estado para a pr\u00f3xima etapa do programa de concess\u00f5es. Entre os projetos, o governador planeja discutir a inclus\u00e3o do Aeroporto Internacional Eduardo Gomes no programa de concess\u00f5es.<\/p>\n<p><strong>Portos<\/strong><\/p>\n<p>Segundo o Governo Federal, a previs\u00e3o \u00e9 de concess\u00e3o de 50 novos arrendamentos, 63 novos TUPs e 24 renova\u00e7\u00f5es de arrendamentos, com investimentos que somam R$ 37,4 bilh\u00f5es em todo o pa\u00eds.<\/p>\n<p>Os arrendamentos ser\u00e3o divididos em dois blocos. A licita\u00e7\u00e3o do primeiro, que contemplar\u00e1 29 terminais nos portos de Santos (9) e Par\u00e1 (20), que somam investimentos de R$ 4,7 bilh\u00f5es, dever\u00e1 acontecer ainda em 2015.<\/p>\n<p>Tamb\u00e9m neste ano ser\u00e3o autorizados 63 novos TUPs em 16 estados, que est\u00e3o em an\u00e1lise pela Secretaria de Portos, totalizando R$ 14,7 bilh\u00f5es, al\u00e9m de 24 pedidos de prorroga\u00e7\u00e3o antecipada de contratos de arrendamentos de terminais em portos p\u00fablicos, com previs\u00e3o de R$ 10,8 bilh\u00f5es de investimentos, em nove estados.<\/p>\n<p>Fonte: G1 AM<\/p>\n","protected":false},"excerpt":{"rendered":"<p>O setor portu\u00e1rio em Manaus deve receber investimentos nos pr\u00f3ximos anos. O an\u00fancio foi feito nesta ter\u00e7a-feira (9) pela presidente Dilma Rousseff durante lan\u00e7amento da&#8230;<\/p>\n","protected":false},"author":1182,"featured_media":6060,"comment_status":"closed","ping_status":"closed","sticky":false,"template":"","format":"standard","meta":{"footnotes":""},"categories":[6],"tags":[],"class_list":["post-12690","post","type-post","status-publish","format-standard","has-post-thumbnail","hentry","category-noticias"],"_links":{"self":[{"href":"https:\/\/www.sincomam.org.br\/index.php\/wp-json\/wp\/v2\/posts\/12690","targetHints":{"allow":["GET"]}}],"collection":[{"href":"https:\/\/www.sincomam.org.br\/index.php\/wp-json\/wp\/v2\/posts"}],"about":[{"href":"https:\/\/www.sincomam.org.br\/index.php\/wp-json\/wp\/v2\/types\/post"}],"author":[{"embeddable":true,"href":"https:\/\/www.sincomam.org.br\/index.php\/wp-json\/wp\/v2\/users\/1182"}],"replies":[{"embeddable":true,"href":"https:\/\/www.sincomam.org.br\/index.php\/wp-json\/wp\/v2\/comments?post=12690"}],"version-history":[{"count":1,"href":"https:\/\/www.sincomam.org.br\/index.php\/wp-json\/wp\/v2\/posts\/12690\/revisions"}],"predecessor-version":[{"id":12691,"href":"https:\/\/www.sincomam.org.br\/index.php\/wp-json\/wp\/v2\/posts\/12690\/revisions\/12691"}],"wp:featuredmedia":[{"embeddable":true,"href":"https:\/\/www.sincomam.org.br\/index.php\/wp-json\/wp\/v2\/media\/6060"}],"wp:attachment":[{"href":"https:\/\/www.sincomam.org.br\/index.php\/wp-json\/wp\/v2\/media?parent=12690"}],"wp:term":[{"taxonomy":"category","embeddable":true,"href":"https:\/\/www.sincomam.org.br\/index.php\/wp-json\/wp\/v2\/categories?post=12690"},{"taxonomy":"post_tag","embeddable":true,"href":"https:\/\/www.sincomam.org.br\/index.php\/wp-json\/wp\/v2\/tags?post=12690"}],"curies":[{"name":"wp","href":"https:\/\/api.w.org\/{rel}","templated":true}]}}