{"id":12688,"date":"2015-06-10T10:04:09","date_gmt":"2015-06-10T13:04:09","guid":{"rendered":"http:\/\/www.sincomam.org.br\/?p=12688"},"modified":"2015-06-10T10:04:09","modified_gmt":"2015-06-10T13:04:09","slug":"bahia-tera-investimento-de-mais-de-r-5-bi-para-portos-estradas-e-aeroporto","status":"publish","type":"post","link":"https:\/\/www.sincomam.org.br\/index.php\/bahia-tera-investimento-de-mais-de-r-5-bi-para-portos-estradas-e-aeroporto\/","title":{"rendered":"Bahia ter\u00e1 investimento de mais de R$ 5 bi para portos, estradas e aeroporto"},"content":{"rendered":"<p>Parte da nova etapa do Plano de Investimentos em Log\u00edstica, lan\u00e7ado ontem, ter\u00e7a-feira (9), pela presidente Dilma Rousseff, o leil\u00e3o do Aeroporto de Salvador, a duplica\u00e7\u00e3o da BR-101 entre Feira de Santana e Gandu, as melhorias na BR-324 e BR-116 e o novo arrendamento do Porto de Aratu devem gerar R$ 5 bilh\u00f5es de investimentos em infraestrutura na Bahia. No pa\u00eds, ser\u00e3o investidos mais de R$ 198 bilh\u00f5es.<\/p>\n<p>Para o governador Rui Costa, este \u00e9 um plano importante, uma parceria com a iniciativa privada, para reativar investimentos, o desenvolvimento e a gera\u00e7\u00e3o de emprego no pa\u00eds. Ele ainda defende que todo o Porto de Aratu, uma das 21 unidades portu\u00e1rias do novo bloco de arrendamentos anunciados, seja contemplado.<\/p>\n<p>A licita\u00e7\u00e3o est\u00e1 prevista para o primeiro semestre de 2016 e os investimentos estimados s\u00e3o da ordem de\u00a0 R$ 326,4 milh\u00f5es. A autoriza\u00e7\u00e3o de um Terminal de Uso Privado (TUP) para carga geral e cont\u00eaineres em Candeias corresponde a outros R$ 547 milh\u00f5es investidos na infraestrutura portu\u00e1ria do estado.<\/p>\n<p>O Aeroporto Internacional de Salvador receber\u00e1 investimentos de R$ 3 bilh\u00f5es. Com previs\u00e3o do in\u00edcio dos leil\u00f5es no primeiro trimestre de 2016,\u00a0 o aeroporto da capital baiana \u00e9 oitavo mais movimentado do pa\u00eds e o primeiro da regi\u00e3o Nordeste, com 9,2 milh\u00f5es de passageiros no ano passado. A estrutura ter\u00e1 o terminal de passageiros ampliado e a constru\u00e7\u00e3o da segunda pista.<\/p>\n<p>J\u00e1 a concess\u00e3o do trecho de 199 quil\u00f4metros da BR-101, entre Feira de Santana e Gandu, prev\u00ea a duplica\u00e7\u00e3o da rodovia e melhorar o transporte com investimento estimado em R$ 1,6 bilh\u00e3o. Tamb\u00e9m est\u00e1 em avalia\u00e7\u00e3o a aplica\u00e7\u00e3o de mais R$ 400 milh\u00f5es na constru\u00e7\u00e3o da terceira pista da BR-324 e da BR-116.<\/p>\n<p>Fonte: Portos e Navios<\/p>\n","protected":false},"excerpt":{"rendered":"<p>Parte da nova etapa do Plano de Investimentos em Log\u00edstica, lan\u00e7ado ontem, ter\u00e7a-feira (9), pela presidente Dilma Rousseff, o leil\u00e3o do Aeroporto de Salvador, a&#8230;<\/p>\n","protected":false},"author":1182,"featured_media":5429,"comment_status":"closed","ping_status":"closed","sticky":false,"template":"","format":"standard","meta":{"footnotes":""},"categories":[6],"tags":[],"class_list":["post-12688","post","type-post","status-publish","format-standard","has-post-thumbnail","hentry","category-noticias"],"_links":{"self":[{"href":"https:\/\/www.sincomam.org.br\/index.php\/wp-json\/wp\/v2\/posts\/12688","targetHints":{"allow":["GET"]}}],"collection":[{"href":"https:\/\/www.sincomam.org.br\/index.php\/wp-json\/wp\/v2\/posts"}],"about":[{"href":"https:\/\/www.sincomam.org.br\/index.php\/wp-json\/wp\/v2\/types\/post"}],"author":[{"embeddable":true,"href":"https:\/\/www.sincomam.org.br\/index.php\/wp-json\/wp\/v2\/users\/1182"}],"replies":[{"embeddable":true,"href":"https:\/\/www.sincomam.org.br\/index.php\/wp-json\/wp\/v2\/comments?post=12688"}],"version-history":[{"count":1,"href":"https:\/\/www.sincomam.org.br\/index.php\/wp-json\/wp\/v2\/posts\/12688\/revisions"}],"predecessor-version":[{"id":12689,"href":"https:\/\/www.sincomam.org.br\/index.php\/wp-json\/wp\/v2\/posts\/12688\/revisions\/12689"}],"wp:featuredmedia":[{"embeddable":true,"href":"https:\/\/www.sincomam.org.br\/index.php\/wp-json\/wp\/v2\/media\/5429"}],"wp:attachment":[{"href":"https:\/\/www.sincomam.org.br\/index.php\/wp-json\/wp\/v2\/media?parent=12688"}],"wp:term":[{"taxonomy":"category","embeddable":true,"href":"https:\/\/www.sincomam.org.br\/index.php\/wp-json\/wp\/v2\/categories?post=12688"},{"taxonomy":"post_tag","embeddable":true,"href":"https:\/\/www.sincomam.org.br\/index.php\/wp-json\/wp\/v2\/tags?post=12688"}],"curies":[{"name":"wp","href":"https:\/\/api.w.org\/{rel}","templated":true}]}}