{"id":12657,"date":"2015-06-08T12:34:59","date_gmt":"2015-06-08T15:34:59","guid":{"rendered":"http:\/\/www.sincomam.org.br\/?p=12657"},"modified":"2015-06-08T12:34:59","modified_gmt":"2015-06-08T15:34:59","slug":"estivadores-anunciam-nova-paralisacao-no-porto-de-santos","status":"publish","type":"post","link":"https:\/\/www.sincomam.org.br\/index.php\/estivadores-anunciam-nova-paralisacao-no-porto-de-santos\/","title":{"rendered":"Estivadores anunciam nova paralisa\u00e7\u00e3o no Porto de Santos"},"content":{"rendered":"<p>Ap\u00f3s uma greve de seis horas realizada na \u00faltima segunda-feira, o Sindicato dos Estivadores amea\u00e7a paralisar, outra vez, por 12h, as opera\u00e7\u00f5es dos principais terminais de cont\u00eaineres<\/p>\n<p>Uma nova greve poder\u00e1 paralisar as opera\u00e7\u00f5es dos cinco principais terminais de cont\u00eaineres do Porto de Santos. Foi essa a decis\u00e3o tomada pelos trabalhadores portu\u00e1rios, avulsos e vinculados, ligados ao Sindicato dos Estivadores de Santos, S\u00e3o Vicente, Guaruj\u00e1 e Cubat\u00e3o em concorrida assembleia realizada na manh\u00e3 da \u00faltima quarta-feira.<\/p>\n<p>Ainda sem data definida, o movimento paredista aprovado pretende suspender por 12h, per\u00edodo equivalente a dois turnos de trabalho, as atividades da Brasil Terminal Portu\u00e1rio (BTP), Ecoporto Santos, Santos Brasil, Libra Terminais e Rodrimar.<\/p>\n<p>Al\u00e9m do indicativo de greve, a assembleia resolveu permanecer aberta em car\u00e1ter permanente e estabelecer um calend\u00e1rio de mobiliza\u00e7\u00f5es at\u00e9 que o impasse com as operadoras portu\u00e1rias seja equacionado.<\/p>\n<p>Para a renova\u00e7\u00e3o do acordo coletivo de trabalho, os estivadores reivindicam manuten\u00e7\u00e3o da paridade na contrata\u00e7\u00e3o da m\u00e3o de obra por parte dos terminais, na propor\u00e7\u00e3o de 50% para o m\u00e9todo avulso administrado pelo \u00d3rg\u00e3o Gestor de M\u00e3o de Obra (OGMO) e 50% para o regime celetista previsto na Consolida\u00e7\u00e3o das Leis do Trabalho (CLT).<\/p>\n<p>Por sua vez, as empresas que comp\u00f5em a C\u00e2mara de Cont\u00eaineres do Sindicato dos Operadores Portu\u00e1rios do Estado de S\u00e3o Paulo (SOPESP) oferecem a continuidade do atual sistema misto at\u00e9 fevereiro de 2016, passando, a partir de ent\u00e3o, para a utiliza\u00e7\u00e3o dos profissionais nas opera\u00e7\u00f5es portu\u00e1rias mediante a proporcionalidade de 75% vinculados e 25% avulsos.<\/p>\n<p>Na avalia\u00e7\u00e3o do presidente do Sindestiva, Rodnei Oliveira da Silva, a proposta patronal de vincular 400 estivadores vai gerar desemprego. \u201cAl\u00e9m de acabar de vez com a estiva, a contrata\u00e7\u00e3o de uma pequena parcela da categoria vai colocar no olho da rua a grande maioria, ou seja, os outros 3.600 pais de fam\u00edlia inscritos no OGMO que vivem da atividade portu\u00e1ria\u201d.<\/p>\n<p>Sobre a possibilidade de greve por tempo indeterminado, ele diz:\u201cN\u00e3o est\u00e3o nos deixando alternativa que n\u00e3o seja o movimento paredista e, por isso, vamos dar sequ\u00eancia ao nosso cronograma de a\u00e7\u00f5es que prev\u00ea, em \u00faltimo caso, a suspens\u00e3o das opera\u00e7\u00f5es nos terminais de cont\u00eaineres por um per\u00edodo indefinido\u201d.<\/p>\n<p>Fonte: Di\u00e1rio do Litoral<\/p>\n","protected":false},"excerpt":{"rendered":"<p>Ap\u00f3s uma greve de seis horas realizada na \u00faltima segunda-feira, o Sindicato dos Estivadores amea\u00e7a paralisar, outra vez, por 12h, as opera\u00e7\u00f5es dos principais terminais&#8230;<\/p>\n","protected":false},"author":1182,"featured_media":0,"comment_status":"closed","ping_status":"closed","sticky":false,"template":"","format":"standard","meta":{"footnotes":""},"categories":[6],"tags":[],"class_list":["post-12657","post","type-post","status-publish","format-standard","hentry","category-noticias"],"_links":{"self":[{"href":"https:\/\/www.sincomam.org.br\/index.php\/wp-json\/wp\/v2\/posts\/12657","targetHints":{"allow":["GET"]}}],"collection":[{"href":"https:\/\/www.sincomam.org.br\/index.php\/wp-json\/wp\/v2\/posts"}],"about":[{"href":"https:\/\/www.sincomam.org.br\/index.php\/wp-json\/wp\/v2\/types\/post"}],"author":[{"embeddable":true,"href":"https:\/\/www.sincomam.org.br\/index.php\/wp-json\/wp\/v2\/users\/1182"}],"replies":[{"embeddable":true,"href":"https:\/\/www.sincomam.org.br\/index.php\/wp-json\/wp\/v2\/comments?post=12657"}],"version-history":[{"count":1,"href":"https:\/\/www.sincomam.org.br\/index.php\/wp-json\/wp\/v2\/posts\/12657\/revisions"}],"predecessor-version":[{"id":12658,"href":"https:\/\/www.sincomam.org.br\/index.php\/wp-json\/wp\/v2\/posts\/12657\/revisions\/12658"}],"wp:attachment":[{"href":"https:\/\/www.sincomam.org.br\/index.php\/wp-json\/wp\/v2\/media?parent=12657"}],"wp:term":[{"taxonomy":"category","embeddable":true,"href":"https:\/\/www.sincomam.org.br\/index.php\/wp-json\/wp\/v2\/categories?post=12657"},{"taxonomy":"post_tag","embeddable":true,"href":"https:\/\/www.sincomam.org.br\/index.php\/wp-json\/wp\/v2\/tags?post=12657"}],"curies":[{"name":"wp","href":"https:\/\/api.w.org\/{rel}","templated":true}]}}