{"id":12655,"date":"2015-06-08T12:33:19","date_gmt":"2015-06-08T15:33:19","guid":{"rendered":"http:\/\/www.sincomam.org.br\/?p=12655"},"modified":"2015-06-08T12:33:19","modified_gmt":"2015-06-08T15:33:19","slug":"parana-lanca-o-porto-sustentavel-para-formar-indicadores-socioambientais","status":"publish","type":"post","link":"https:\/\/www.sincomam.org.br\/index.php\/parana-lanca-o-porto-sustentavel-para-formar-indicadores-socioambientais\/","title":{"rendered":"Paran\u00e1 lan\u00e7a o \u201cPorto Sustent\u00e1vel\u201d para formar indicadores socioambientais"},"content":{"rendered":"<p>O novo programa concentra as a\u00e7\u00f5es de sustentabilidade j\u00e1 realizadas nos \u00faltimos quatro anos e as a\u00e7\u00f5es em desenvolvimento e as planejadas. O objetivo \u00e9 formar indicadores socioambientais, que garantir\u00e3o um monitoramento mais eficientes dos resultados das a\u00e7\u00f5es.<\/p>\n<p>\u201cIsso representa um passo importante rumo a um porto eficiente, moderno e sustent\u00e1vel\u201d, afirmou o secret\u00e1rio estadual da Infraestrutura e Log\u00edstica, Jos\u00e9 Richa Filho.<\/p>\n<p>O Porto Sustent\u00e1vel vai incentivar a cultura da sustentabilidade baseada em cinco pilares: \u00e1gua, energia, res\u00edduos, emiss\u00e3o atmosf\u00e9rica e responsabilidade socioambiental.<\/p>\n<p>Nos \u00faltimos quatro anos, j\u00e1 foram adotadas algumas medidas que revolucionaram a rela\u00e7\u00e3o entre o porto e o meio ambiente, como a emiss\u00e3o da Licen\u00e7a de Opera\u00e7\u00e3o pelo Ibama, em 2013, e a cria\u00e7\u00e3o de uma Diretoria de Meio Ambiente, em 2014.<\/p>\n<p>Como resultado, o porto saltou da 26\u00aa para o top 5 no ranking do \u00cdndice de Desenvolvimento Ambiental (IDA), da Ag\u00eancia Nacional de Transportes Aquavi\u00e1rios (Antaq).<\/p>\n<p>\u201cConseguimos a Licen\u00e7a de Opera\u00e7\u00e3o junto ao Ibama e evolu\u00edmos em todas as \u00e1reas. O novo programa vem para dar seguimento a este trabalho\u201d, afirma o diretor-presidente da Appa, Luiz Henrique Dividino.<\/p>\n<p>O porto realiza o monitoramento da qualidade das \u00e1guas, dos sedimentos, da fauna aqu\u00e1tica e atividade pesqueira. Atualmente, a coleta e an\u00e1lise da \u00e1gua \u00e9 feita em 30 pontos da ba\u00eda de Paranagu\u00e1.<\/p>\n<p>Um dos bioindicadores monitorados, por exemplo, \u00e9 a popula\u00e7\u00e3o de botos na regi\u00e3o. No per\u00edodo de um ano, j\u00e1 foram registrados mais de 500 animais na ba\u00eda.<\/p>\n<p>Nos \u00faltimos 18 meses, o consumo da \u00e1gua nas depend\u00eancias do porto caiu 60% &#8211; de 18,5 mil metros c\u00fabicos ao m\u00eas, no in\u00edcio de 2014, para 7 mil metros c\u00fabicos mensais, em 2015. A meta \u00e9 chegar \u00e0 marca de 80% de economia na conta da \u00e1gua.<\/p>\n<p>Para isso, uma campanha de conscientiza\u00e7\u00e3o dos funcion\u00e1rios est\u00e1 em curso, al\u00e9m da troca da rede hidr\u00e1ulica.<\/p>\n<p>Um sistema de capta\u00e7\u00e3o de \u00e1gua da chuva \u00e9 outra novidade que integra o novo projeto hidr\u00e1ulico do Porto de Paranagu\u00e1. O primeiro local a receber o sistema ser\u00e1 o Silo P\u00fablico. Toda a \u00e1gua da chuva captada ser\u00e1 reutilizada em lavagem de equipamentos, das ruas e das \u00e1reas externas do cais do Porto.<\/p>\n<p>\u201cO programa est\u00e1 baseado na racionaliza\u00e7\u00e3o do consumo de \u00e1gua, no monitoramento da qualidade e no reuso da \u00e1gua e a sua utiliza\u00e7\u00e3o para a\u00e7\u00f5es de limpeza\u201d, afirma o diretor comercial da Appa, Louren\u00e7o Fregonese.<\/p>\n<p>A efici\u00eancia energ\u00e9tica \u00e9 outro pilar do programa. Cerca de R$ 21 milh\u00f5es foram investidos para a troca da ilumina\u00e7\u00e3o tradicional por l\u00e2mpadas de LED, substituindo lumin\u00e1rias de 400 watts para 150 watts. Como \u00e9 uma tecnologia de ponta, o consumo por poste diminui sem perder a qualidade de ilumina\u00e7\u00e3o.<\/p>\n<p>No P\u00e1tio de Triagem, onde a troca j\u00e1 foi conclu\u00edda, a luminosidade \u00e0 noite foi intensificada e, mesmo assim, j\u00e1 foi registrada uma economia de 16%. A troca na avenida portu\u00e1ria tamb\u00e9m j\u00e1 foi conclu\u00edda. Agora, tamb\u00e9m as l\u00e2mpadas da faixa portu\u00e1ria est\u00e3o sendo trocadas.<\/p>\n<p>Desde 2013, o porto conta com um Plano de Gerenciamento de Res\u00edduos S\u00f3lidos, que inclui a distribui\u00e7\u00e3o de ca\u00e7ambas para a separa\u00e7\u00e3o correta dos res\u00edduos e a varri\u00e7\u00e3o di\u00e1ria das vias de acesso, ruas e avenidas no entorno da \u00e1rea portu\u00e1ria, no cais do Porto e nos terminais portu\u00e1rios.<\/p>\n<p>Em m\u00e9dia, s\u00e3o varridos 361 toneladas de res\u00edduos org\u00e2nicos por m\u00eas. S\u00f3mente em 2014, foram coletados mais de 9 mil toneladas de res\u00edduos.<\/p>\n<p>Al\u00e9m disso, o Porto de Paranagu\u00e1 possui 60 pontos de coleta seletiva para materiais recicl\u00e1veis, com mais de 100 ca\u00e7ambas.<\/p>\n<p>Com menos res\u00edduos org\u00e2nicos espalhados pelas ruas, a popula\u00e7\u00e3o de pombos tamb\u00e9m caiu drasticamente, de 11 mil em 2012 para 1,5 mil em 2015.<\/p>\n<p>J\u00e1 foram realizadas dez campanhas para coleta de dados atmosf\u00e9ricos em doze pontos da cidade de Paranagu\u00e1 para avaliar a qualidade do ar.<\/p>\n<p>S\u00e3o cerca de 5,6 mil caminh\u00f5es que t\u00eam suas emiss\u00f5es de gases de combust\u00e3o monitorados. Com isso, \u00e9 poss\u00edvel verificar as condi\u00e7\u00f5es de regulagem dos motores da frota que circula na regi\u00e3o do porto.<strong><br \/> Socioambiental \u2013<\/strong> A melhor conviv\u00eancia da rela\u00e7\u00e3o porto-cidade \u00e9 outro pilar central do programa da Appa. \u201cJ\u00e1 foram realizadas mais de cem a\u00e7\u00f5es educativas junto \u00e0 popula\u00e7\u00e3o, como palestras e oficinas em Paranagu\u00e1, Antonina e Pontal do Paran\u00e1\u201d, afirma o diretor de Meio Ambiente da Appa, Marco Aur\u00e9lio Ziliotto.<\/p>\n<p>Mais de 170 funcion\u00e1rios do Porto foram formados no Curso Introdut\u00f3rio de Educa\u00e7\u00e3o Ambiental e outros 500 trabalhadores portu\u00e1rios foram envolvidos em a\u00e7\u00f5es de seguran\u00e7a, meio ambiente e sa\u00fade. O porto tamb\u00e9m promoveu seis a\u00e7\u00f5es de mutir\u00e3o de limpeza nas praias do entorno da ba\u00eda de Paranagu\u00e1 para a remo\u00e7\u00e3o de res\u00edduos nas faixas de areia, restinga e manguezais.<\/p>\n<p>Onze comunidades das ilhas da ba\u00eda e do entorno do porto s\u00e3o abrangidas nas a\u00e7\u00f5es do Programa de Educa\u00e7\u00e3o Ambiental, assim como 2,5 mil caminhoneiros foram orientados, anualmente, sobre a correta destina\u00e7\u00e3o de res\u00edduos produzidos no transporte de gr\u00e3os e limpeza dos caminh\u00f5es.<\/p>\n<p><strong>Porto escola &#8211;<\/strong> Neste ano, tamb\u00e9m foi iniciado o programa Porto Escola, que aplica no\u00e7\u00f5es de sustentabilidade e seguran\u00e7a no trabalho para os alunos do 5\u00ba ano da rede municipal de ensino. Em tr\u00eas meses de programa, mais de 600 alunos j\u00e1 visitaram o porto pelo programa. At\u00e9 o in\u00edcio do ano que vem, outras 60 escolas e mais de 2 mil alunos participar\u00e3o da a\u00e7\u00e3o.<\/p>\n<p>Fonte: Ag\u00eancia de Not\u00edcias do Paran\u00e1<\/p>\n","protected":false},"excerpt":{"rendered":"<p>O novo programa concentra as a\u00e7\u00f5es de sustentabilidade j\u00e1 realizadas nos \u00faltimos quatro anos e as a\u00e7\u00f5es em desenvolvimento e as planejadas. O objetivo \u00e9&#8230;<\/p>\n","protected":false},"author":1182,"featured_media":0,"comment_status":"closed","ping_status":"closed","sticky":false,"template":"","format":"standard","meta":{"footnotes":""},"categories":[6],"tags":[],"class_list":["post-12655","post","type-post","status-publish","format-standard","hentry","category-noticias"],"_links":{"self":[{"href":"https:\/\/www.sincomam.org.br\/index.php\/wp-json\/wp\/v2\/posts\/12655","targetHints":{"allow":["GET"]}}],"collection":[{"href":"https:\/\/www.sincomam.org.br\/index.php\/wp-json\/wp\/v2\/posts"}],"about":[{"href":"https:\/\/www.sincomam.org.br\/index.php\/wp-json\/wp\/v2\/types\/post"}],"author":[{"embeddable":true,"href":"https:\/\/www.sincomam.org.br\/index.php\/wp-json\/wp\/v2\/users\/1182"}],"replies":[{"embeddable":true,"href":"https:\/\/www.sincomam.org.br\/index.php\/wp-json\/wp\/v2\/comments?post=12655"}],"version-history":[{"count":1,"href":"https:\/\/www.sincomam.org.br\/index.php\/wp-json\/wp\/v2\/posts\/12655\/revisions"}],"predecessor-version":[{"id":12656,"href":"https:\/\/www.sincomam.org.br\/index.php\/wp-json\/wp\/v2\/posts\/12655\/revisions\/12656"}],"wp:attachment":[{"href":"https:\/\/www.sincomam.org.br\/index.php\/wp-json\/wp\/v2\/media?parent=12655"}],"wp:term":[{"taxonomy":"category","embeddable":true,"href":"https:\/\/www.sincomam.org.br\/index.php\/wp-json\/wp\/v2\/categories?post=12655"},{"taxonomy":"post_tag","embeddable":true,"href":"https:\/\/www.sincomam.org.br\/index.php\/wp-json\/wp\/v2\/tags?post=12655"}],"curies":[{"name":"wp","href":"https:\/\/api.w.org\/{rel}","templated":true}]}}