{"id":12608,"date":"2015-06-03T11:50:33","date_gmt":"2015-06-03T14:50:33","guid":{"rendered":"http:\/\/www.sincomam.org.br\/?p=12608"},"modified":"2015-06-03T11:50:33","modified_gmt":"2015-06-03T14:50:33","slug":"ademi-es-comemora-aprovacao-do-projeto-de-terrenos-de-marinha","status":"publish","type":"post","link":"https:\/\/www.sincomam.org.br\/index.php\/ademi-es-comemora-aprovacao-do-projeto-de-terrenos-de-marinha\/","title":{"rendered":"Ademi-ES comemora aprova\u00e7\u00e3o do projeto de Terrenos de Marinha"},"content":{"rendered":"<p><strong><em>O Projeto, aprovado pelo Senado Federal, altera as regras de cobran\u00e7a das taxas nesses terrenos<\/em><\/strong><\/p>\n<p>Os capixabas residentes em \u00e1reas consideradas como \u201cTerreno de Marinha\u201d acabam de receber uma boa not\u00edcia. O Senado Federal aprovou o PLC 12\/2015 que altera as regras de cobran\u00e7a das taxas.<\/p>\n<p>O Esp\u00edrito Santo e tantos outros Estados banhados pelo mar passam a contar com uma lei mais atualizada e que ir\u00e1 corrigir, atualizar e proporcionar a redu\u00e7\u00e3o das cobran\u00e7as das taxas de marinha.<\/p>\n<p>A Ademi-ES sente-se honrada em ter contribu\u00eddo para a conquista deste importante pleito da popula\u00e7\u00e3o do Esp\u00edrito Santo. A entidade agradece o empenho do senador Ricardo Ferra\u00e7o na relatoria do projeto e a interlocu\u00e7\u00e3o do deputado federal Lelo Coimbra. A atua\u00e7\u00e3o dos parlamentares foi imprescind\u00edvel para a conquista dos capixabas.<\/p>\n<p>Fonte: Folha Vit\u00f3ria \/ Foto: ilustrativa<\/p>\n","protected":false},"excerpt":{"rendered":"<p>O Projeto, aprovado pelo Senado Federal, altera as regras de cobran\u00e7a das taxas nesses terrenos Os capixabas residentes em \u00e1reas consideradas como \u201cTerreno de Marinha\u201d&#8230;<\/p>\n","protected":false},"author":1182,"featured_media":5475,"comment_status":"closed","ping_status":"closed","sticky":false,"template":"","format":"standard","meta":{"footnotes":""},"categories":[6],"tags":[],"class_list":["post-12608","post","type-post","status-publish","format-standard","has-post-thumbnail","hentry","category-noticias"],"_links":{"self":[{"href":"https:\/\/www.sincomam.org.br\/index.php\/wp-json\/wp\/v2\/posts\/12608","targetHints":{"allow":["GET"]}}],"collection":[{"href":"https:\/\/www.sincomam.org.br\/index.php\/wp-json\/wp\/v2\/posts"}],"about":[{"href":"https:\/\/www.sincomam.org.br\/index.php\/wp-json\/wp\/v2\/types\/post"}],"author":[{"embeddable":true,"href":"https:\/\/www.sincomam.org.br\/index.php\/wp-json\/wp\/v2\/users\/1182"}],"replies":[{"embeddable":true,"href":"https:\/\/www.sincomam.org.br\/index.php\/wp-json\/wp\/v2\/comments?post=12608"}],"version-history":[{"count":1,"href":"https:\/\/www.sincomam.org.br\/index.php\/wp-json\/wp\/v2\/posts\/12608\/revisions"}],"predecessor-version":[{"id":12609,"href":"https:\/\/www.sincomam.org.br\/index.php\/wp-json\/wp\/v2\/posts\/12608\/revisions\/12609"}],"wp:featuredmedia":[{"embeddable":true,"href":"https:\/\/www.sincomam.org.br\/index.php\/wp-json\/wp\/v2\/media\/5475"}],"wp:attachment":[{"href":"https:\/\/www.sincomam.org.br\/index.php\/wp-json\/wp\/v2\/media?parent=12608"}],"wp:term":[{"taxonomy":"category","embeddable":true,"href":"https:\/\/www.sincomam.org.br\/index.php\/wp-json\/wp\/v2\/categories?post=12608"},{"taxonomy":"post_tag","embeddable":true,"href":"https:\/\/www.sincomam.org.br\/index.php\/wp-json\/wp\/v2\/tags?post=12608"}],"curies":[{"name":"wp","href":"https:\/\/api.w.org\/{rel}","templated":true}]}}