{"id":12604,"date":"2015-06-03T11:44:09","date_gmt":"2015-06-03T14:44:09","guid":{"rendered":"http:\/\/www.sincomam.org.br\/?p=12604"},"modified":"2015-06-03T11:44:09","modified_gmt":"2015-06-03T14:44:09","slug":"emgepron-tera-novo-diretor","status":"publish","type":"post","link":"https:\/\/www.sincomam.org.br\/index.php\/emgepron-tera-novo-diretor\/","title":{"rendered":"EMGEPRON ter\u00e1 novo diretor"},"content":{"rendered":"<p><strong><em>Almirante Laranjeira se apresenta na EMGEPRON no dia 15 de junho<\/em><\/strong><\/p>\n<p>O ex-chefe do Estado-Maior do Comando de Opera\u00e7\u00f5es Navais, Vice-Almirante Francisco Ant\u00f4nio de Magalh\u00e3es Laranjeira ser\u00e1 o novo diretor-presidente da Empresa Gerencial de Projetos Navais (EMGEPRON).<\/p>\n<p>Ele substituir\u00e1 o tamb\u00e9m vice-almirante (Ref\u00ba) Marc\u00e9lio C. de Castro Pereira.<\/p>\n<p>O almirante Laranjeira comandou o 6\u00ba Distrito Naval (Lad\u00e1rio) e a 1\u00aa Divis\u00e3o da Esquadra. Ele se apresenta na EMGEPRON no pr\u00f3ximo dia 15 de junho, uma segunda-feira, cinco dias depois de a companhia ter completado o seu 33\u00ba anivers\u00e1rio. A posse de Laranjeira no cargo est\u00e1 marcada para o dia 7 de julho, e deve ser presidida pelo Comandante da Marinha, almirante Eduardo Leal Ferreira, a quem a dire\u00e7\u00e3o da EMGEPRON est\u00e1 diretamente subordinada.<\/p>\n<p>Fonte: Poder Naval<\/p>\n","protected":false},"excerpt":{"rendered":"<p>Almirante Laranjeira se apresenta na EMGEPRON no dia 15 de junho O ex-chefe do Estado-Maior do Comando de Opera\u00e7\u00f5es Navais, Vice-Almirante Francisco Ant\u00f4nio de Magalh\u00e3es&#8230;<\/p>\n","protected":false},"author":1182,"featured_media":12605,"comment_status":"closed","ping_status":"closed","sticky":false,"template":"","format":"standard","meta":{"footnotes":""},"categories":[6],"tags":[],"class_list":["post-12604","post","type-post","status-publish","format-standard","has-post-thumbnail","hentry","category-noticias"],"_links":{"self":[{"href":"https:\/\/www.sincomam.org.br\/index.php\/wp-json\/wp\/v2\/posts\/12604","targetHints":{"allow":["GET"]}}],"collection":[{"href":"https:\/\/www.sincomam.org.br\/index.php\/wp-json\/wp\/v2\/posts"}],"about":[{"href":"https:\/\/www.sincomam.org.br\/index.php\/wp-json\/wp\/v2\/types\/post"}],"author":[{"embeddable":true,"href":"https:\/\/www.sincomam.org.br\/index.php\/wp-json\/wp\/v2\/users\/1182"}],"replies":[{"embeddable":true,"href":"https:\/\/www.sincomam.org.br\/index.php\/wp-json\/wp\/v2\/comments?post=12604"}],"version-history":[{"count":1,"href":"https:\/\/www.sincomam.org.br\/index.php\/wp-json\/wp\/v2\/posts\/12604\/revisions"}],"predecessor-version":[{"id":12606,"href":"https:\/\/www.sincomam.org.br\/index.php\/wp-json\/wp\/v2\/posts\/12604\/revisions\/12606"}],"wp:featuredmedia":[{"embeddable":true,"href":"https:\/\/www.sincomam.org.br\/index.php\/wp-json\/wp\/v2\/media\/12605"}],"wp:attachment":[{"href":"https:\/\/www.sincomam.org.br\/index.php\/wp-json\/wp\/v2\/media?parent=12604"}],"wp:term":[{"taxonomy":"category","embeddable":true,"href":"https:\/\/www.sincomam.org.br\/index.php\/wp-json\/wp\/v2\/categories?post=12604"},{"taxonomy":"post_tag","embeddable":true,"href":"https:\/\/www.sincomam.org.br\/index.php\/wp-json\/wp\/v2\/tags?post=12604"}],"curies":[{"name":"wp","href":"https:\/\/api.w.org\/{rel}","templated":true}]}}