{"id":12599,"date":"2015-06-03T11:32:00","date_gmt":"2015-06-03T14:32:00","guid":{"rendered":"http:\/\/www.sincomam.org.br\/?p=12599"},"modified":"2015-06-03T11:32:00","modified_gmt":"2015-06-03T14:32:00","slug":"grupo-investira-r-140-mi-para-instalar-fabrica-no-complexo-do-pecem","status":"publish","type":"post","link":"https:\/\/www.sincomam.org.br\/index.php\/grupo-investira-r-140-mi-para-instalar-fabrica-no-complexo-do-pecem\/","title":{"rendered":"Grupo investir\u00e1 r$ 140 mi para instalar f\u00e1brica no Complexo do Pec\u00e9m"},"content":{"rendered":"<p>A Polimix, organiza\u00e7\u00e3o empresarial capixaba, investir\u00e1 R$ 140 milh\u00f5es para instalar f\u00e1brica de moagem de cimentos Mizu, no Complexo Industrial e Portu\u00e1rio do Pec\u00e9m (CIPP). O terreno de 34 hectares j\u00e1 foi adquirido e a capacidade de produ\u00e7\u00e3o ser\u00e1 de 900 mil toneladas de cimento por ano.<\/p>\n<p>\u201cEscolhemos o Cear\u00e1 por uma s\u00e9rie de fatores. Dentre eles, o potencial que o Estado tem como mercado consumidor, localiza\u00e7\u00e3o geogr\u00e1fica, infraestrutura, o Porto do Pec\u00e9m ao lado de Fortaleza, estradas locais em bom estado e proximidade com outros estados como Piau\u00ed e Maranh\u00e3o\u201d, afirmou Jos\u00e9 Antero dos Santos, diretor da Polimix.<\/p>\n<p>Ferruccio Feitosa, presidente da Ag\u00eancia de Desenvolvimento do Estado do Cear\u00e1 (Adece), destaca a pol\u00edtica de incentivos fiscais do Estado como fator importante para a instala\u00e7\u00e3o da f\u00e1brica de cimentos.<\/p>\n<p>\u201cEles pediram para ajudarmos na agiliza\u00e7\u00e3o de documentos com a Superintend\u00eancia Estadual de Meio Ambiente (Semace) e v\u00e3o protocolar solicita\u00e7\u00f5es de infraestrutura e benef\u00edcios fiscais\u201d, diz.<\/p>\n<p>O empreendimento possui licen\u00e7a pr\u00e9via, parte inicial do processo de licenciamento ambiental. A expectativa \u00e9 que a constru\u00e7\u00e3o inicie em outubro deste ano e ,ap\u00f3s aproximadamente tr\u00eas anos, mais tr\u00eas empreendimentos devem ser instalados no local, segundo adiantou Antero.<\/p>\n<p>S\u00e3o previstos de 400 a 800 empregos diretos, no per\u00edodo de 18 meses de constru\u00e7\u00e3o, e 120 vagas de trabalho diretas e 600 indiretas em opera\u00e7\u00e3o.<\/p>\n<p>A Mizu, juntamente com as cimenteiras Apodi e Votorantim em Sobral, deixar\u00e3o o Cear\u00e1 em primeiro lugar na produ\u00e7\u00e3o de cimento no Nordeste, com produ\u00e7\u00e3o de 6,166 milh\u00f5es de toneladas\/ano.<\/p>\n<p><strong>Lanchas e iates<\/strong><\/p>\n<p>Outro investimento para o Estado ser\u00e1 a f\u00e1brica de lanchas e iates de Nelson Piquet, a NZ Empreendimentos LTDA. Conforme adiantou o deputado estadual S\u00e9rgio Aguiar (Pros), ser\u00e3o investidos R$ 10 milh\u00f5es.<\/p>\n<p>Na constru\u00e7\u00e3o, ser\u00e3o 100 empregos diretos. A \u00e1rea selecionada, em Camocim, Litoral Oeste, est\u00e1 processo de negocia\u00e7\u00e3o. \u201cA Adece vai entrar como parceiro, com a cess\u00e3o do terreno em regime de comodato.<\/p>\n<p>Fonte: O Povo (CE)\/Beatriz Cavalcante<\/p>\n","protected":false},"excerpt":{"rendered":"<p>A Polimix, organiza\u00e7\u00e3o empresarial capixaba, investir\u00e1 R$ 140 milh\u00f5es para instalar f\u00e1brica de moagem de cimentos Mizu, no Complexo Industrial e Portu\u00e1rio do Pec\u00e9m (CIPP)&#8230;.<\/p>\n","protected":false},"author":1182,"featured_media":3207,"comment_status":"closed","ping_status":"closed","sticky":false,"template":"","format":"standard","meta":{"footnotes":""},"categories":[6],"tags":[],"class_list":["post-12599","post","type-post","status-publish","format-standard","has-post-thumbnail","hentry","category-noticias"],"_links":{"self":[{"href":"https:\/\/www.sincomam.org.br\/index.php\/wp-json\/wp\/v2\/posts\/12599","targetHints":{"allow":["GET"]}}],"collection":[{"href":"https:\/\/www.sincomam.org.br\/index.php\/wp-json\/wp\/v2\/posts"}],"about":[{"href":"https:\/\/www.sincomam.org.br\/index.php\/wp-json\/wp\/v2\/types\/post"}],"author":[{"embeddable":true,"href":"https:\/\/www.sincomam.org.br\/index.php\/wp-json\/wp\/v2\/users\/1182"}],"replies":[{"embeddable":true,"href":"https:\/\/www.sincomam.org.br\/index.php\/wp-json\/wp\/v2\/comments?post=12599"}],"version-history":[{"count":1,"href":"https:\/\/www.sincomam.org.br\/index.php\/wp-json\/wp\/v2\/posts\/12599\/revisions"}],"predecessor-version":[{"id":12600,"href":"https:\/\/www.sincomam.org.br\/index.php\/wp-json\/wp\/v2\/posts\/12599\/revisions\/12600"}],"wp:featuredmedia":[{"embeddable":true,"href":"https:\/\/www.sincomam.org.br\/index.php\/wp-json\/wp\/v2\/media\/3207"}],"wp:attachment":[{"href":"https:\/\/www.sincomam.org.br\/index.php\/wp-json\/wp\/v2\/media?parent=12599"}],"wp:term":[{"taxonomy":"category","embeddable":true,"href":"https:\/\/www.sincomam.org.br\/index.php\/wp-json\/wp\/v2\/categories?post=12599"},{"taxonomy":"post_tag","embeddable":true,"href":"https:\/\/www.sincomam.org.br\/index.php\/wp-json\/wp\/v2\/tags?post=12599"}],"curies":[{"name":"wp","href":"https:\/\/api.w.org\/{rel}","templated":true}]}}