{"id":12597,"date":"2015-06-03T11:24:49","date_gmt":"2015-06-03T14:24:49","guid":{"rendered":"http:\/\/www.sincomam.org.br\/?p=12597"},"modified":"2015-06-03T11:24:49","modified_gmt":"2015-06-03T14:24:49","slug":"acordo-comercial-entre-ceara-e-italia-agiliza-integracao-entre-complexos-portuarios","status":"publish","type":"post","link":"https:\/\/www.sincomam.org.br\/index.php\/acordo-comercial-entre-ceara-e-italia-agiliza-integracao-entre-complexos-portuarios\/","title":{"rendered":"Acordo comercial entre Cear\u00e1 e It\u00e1lia agiliza integra\u00e7\u00e3o entre complexos portu\u00e1rios"},"content":{"rendered":"<p>O Estado do Cear\u00e1 vai estreitar rela\u00e7\u00f5es socio-econ\u00f4micas com a It\u00e1lia. Um novo canal comercial direto entre o Porto do Pec\u00e9m e o Porto de La Spezia, na localidade de mesmo nome, proporcionar\u00e1 uma aproxima\u00e7\u00e3o integrada e eficiente entre Brasil e Europa. O projeto &#8220;Um mar de ideias&#8221; ser\u00e1 assinado ontem, ter\u00e7a-feira (2), \u00e0s 14h30, no Pal\u00e1cio da Aboli\u00e7\u00e3o.<\/p>\n<p>O acordo comercial ser\u00e1 concretizado a partir de uma parceria entre a Ag\u00eancia de Desenvolvimento do Estado do Cear\u00e1 (Adece), Companhia de Integra\u00e7\u00e3o Portu\u00e1ria do Cear\u00e1 (Cearaportos), C\u00e2mara de Com\u00e9rcio \u00cdtalo-brasileira do Nordeste (CCIE), C\u00e2mara de Com\u00e9rcio de La Spezia (CCIAA), Distrito das Tecnologias Marinas da Regi\u00e3o Lig\u00faria (DLTM) e Autoridade Portu\u00e1ria de La Spezia.<\/p>\n<p>Previsto inicialmente para funcionar durante tr\u00eas anos, com possibilidade de prorroga\u00e7\u00e3o, o acordo tem como finalidade agilizar o desenvolvimento comercial entre os dois Complexos Portu\u00e1rios Industriais. A ideia \u00e9 incluir o Porto do Pec\u00e9m ao projeto europeu WiderMos, coordenado pela Autoridade Portu\u00e1ria de La Spezia. Trata-se de uma \u00fanica plataforma tecnol\u00f3gica capaz de realizar uma interface entre os sistemas informatizados dos portos participantes com o objetivo de assegurar e agilizar a gest\u00e3o dos processos log\u00edsticos.<\/p>\n<p>Estar\u00e3o presentes na assinatura do acordo os presidentes das entidades envolvidas: Ferruccio Feitosa (Adece), Erasmo da Silva Pitombeira (Cearaportos), Lorenzo Forcieri (Autoridade Portu\u00e1ria de La Spezia), Cesare Villone (CCIEE) e Gianfranco Bianchi (CCIAA); al\u00e9m do diretor administrativo da DLTM, Pierluigi Tivegna.<\/p>\n<p>Fonte: Assessoria da\u00a0 Ag\u00eancia de Desenvolvimento do Estado do Cear\u00e1(Adece)\/Ana Beatriz Sugette<\/p>\n","protected":false},"excerpt":{"rendered":"<p>O Estado do Cear\u00e1 vai estreitar rela\u00e7\u00f5es socio-econ\u00f4micas com a It\u00e1lia. Um novo canal comercial direto entre o Porto do Pec\u00e9m e o Porto de&#8230;<\/p>\n","protected":false},"author":1182,"featured_media":0,"comment_status":"closed","ping_status":"closed","sticky":false,"template":"","format":"standard","meta":{"footnotes":""},"categories":[6],"tags":[],"class_list":["post-12597","post","type-post","status-publish","format-standard","hentry","category-noticias"],"_links":{"self":[{"href":"https:\/\/www.sincomam.org.br\/index.php\/wp-json\/wp\/v2\/posts\/12597","targetHints":{"allow":["GET"]}}],"collection":[{"href":"https:\/\/www.sincomam.org.br\/index.php\/wp-json\/wp\/v2\/posts"}],"about":[{"href":"https:\/\/www.sincomam.org.br\/index.php\/wp-json\/wp\/v2\/types\/post"}],"author":[{"embeddable":true,"href":"https:\/\/www.sincomam.org.br\/index.php\/wp-json\/wp\/v2\/users\/1182"}],"replies":[{"embeddable":true,"href":"https:\/\/www.sincomam.org.br\/index.php\/wp-json\/wp\/v2\/comments?post=12597"}],"version-history":[{"count":1,"href":"https:\/\/www.sincomam.org.br\/index.php\/wp-json\/wp\/v2\/posts\/12597\/revisions"}],"predecessor-version":[{"id":12598,"href":"https:\/\/www.sincomam.org.br\/index.php\/wp-json\/wp\/v2\/posts\/12597\/revisions\/12598"}],"wp:attachment":[{"href":"https:\/\/www.sincomam.org.br\/index.php\/wp-json\/wp\/v2\/media?parent=12597"}],"wp:term":[{"taxonomy":"category","embeddable":true,"href":"https:\/\/www.sincomam.org.br\/index.php\/wp-json\/wp\/v2\/categories?post=12597"},{"taxonomy":"post_tag","embeddable":true,"href":"https:\/\/www.sincomam.org.br\/index.php\/wp-json\/wp\/v2\/tags?post=12597"}],"curies":[{"name":"wp","href":"https:\/\/api.w.org\/{rel}","templated":true}]}}