{"id":12580,"date":"2015-06-02T11:16:39","date_gmt":"2015-06-02T14:16:39","guid":{"rendered":"http:\/\/www.sincomam.org.br\/?p=12580"},"modified":"2015-06-02T11:16:39","modified_gmt":"2015-06-02T14:16:39","slug":"lula-e-pt-pressionam-dilma-a-nao-vetar-mudanca-no-fator-previdenciario","status":"publish","type":"post","link":"https:\/\/www.sincomam.org.br\/index.php\/lula-e-pt-pressionam-dilma-a-nao-vetar-mudanca-no-fator-previdenciario\/","title":{"rendered":"Lula e PT pressionam Dilma a n\u00e3o vetar mudan\u00e7a no fator previdenci\u00e1rio"},"content":{"rendered":"<p><strong><em>Governo criou comit\u00ea para propor alternativa ao sistema atual e encontrar justificativa para o veto<\/em><\/strong><\/p>\n<p>Emparedado entre a defesa do governo e de sua base social, no momento em que enfrenta baixa popularidade e mais um esc\u00e2ndalo de corrup\u00e7\u00e3o, o PT deu apoio com ressalvas ao ajuste fiscal proposto pela presidente Dilma Rousseff. O partido marcou posi\u00e7\u00e3o com cr\u00edticas feitas em documentos oficiais, apresenta\u00e7\u00e3o de emendas por deputados e senadores, mas, no final, votou majoritariamente a favor da restri\u00e7\u00e3o de benef\u00edcios trabalhistas e previdenci\u00e1rios, depois que foram feitas mudan\u00e7as que atenuaram o texto original das Medidas Provis\u00f3rias.<\/p>\n<p>Agora, o ex-presidente Lula e o PT pressionam a presidente Dilma a n\u00e3o vetar a flexibiliza\u00e7\u00e3o do fator previdenci\u00e1rio, inclu\u00eddo pelo Congresso, argumentando que \u00e9 preciso fazer um aceno para a base social do partido. O governo criou um comit\u00ea para propor uma alternativa ao sistema de aposentadoria atualmente em vigor. O objetivo \u00e9 encontrar uma sa\u00edda pol\u00edtica que justifique o veto.<\/p>\n<p>\u2014 Defendi que inclu\u00edssemos no texto que a cada cinco anos fosse corrigido o 85\/95, de acordo com a expectativa de vida da popula\u00e7\u00e3o, mas o governo n\u00e3o quis, n\u00e3o queria que fosse aprovado nada. Se ela (Dilma) simplesmente vetar, o veto vai ser derrubado aqui \u2014 disse o deputado Carlos Zarattini (PT-SP), que foi relator da Medida Provis\u00f3ria 664, que mudou as regras para aposentadoria, pagamento de pens\u00f5es por morte e aux\u00edlio-doen\u00e7a.<\/p>\n<p>A f\u00f3rmula 85\/95 acaba com os descontos na aposentadoria para aqueles cuja soma do tempo de contribui\u00e7\u00e3o com a idade seja 85 anos, no caso das mulheres; e 95 anos, dos homens. O governo estuda tornar essa f\u00f3rmula flex\u00edvel, corrigindo-a de acordo com a expectativa de vida da popula\u00e7\u00e3o.<\/p>\n<p>O discurso do PT \u00e9 que o Congresso, com a contribui\u00e7\u00e3o do partido, melhorou o ajuste fiscal enviado pelo governo, que, segundo os petistas, penalizava s\u00f3 \u201co andar de baixo\u201d. O PT utilizou esse debate para tentar se reaproximar de sua base social e ressuscitar bandeiras hist\u00f3ricas como a taxa\u00e7\u00e3o de grandes fortunas. Em meio a essa queda de bra\u00e7o, os petistas ficaram satisfeitos com o aumento da taxa\u00e7\u00e3o sobre os bancos feita pelo governo durante as negocia\u00e7\u00f5es do ajuste fiscal.<\/p>\n<p>\u2014 O ajuste foi aprovado com as mudan\u00e7as que a C\u00e2mara fez e o Senado confirmou. A CUT (Central \u00danica dos Trabalhadores) n\u00e3o queria que aprovasse nada, mas a C\u00e2mara aprovou um texto que tem mais ganhos do que perdas para o trabalhador. O 85\/95 n\u00e3o \u00e9 ganho? \u2014 questionou Zarattini.<\/p>\n<p>At\u00e9 o l\u00edder do governo no Congresso, senador Jos\u00e9 Pimentel (PT-CE), que j\u00e1 foi ministro da Previd\u00eancia, defendeu a flexibiliza\u00e7\u00e3o do fator previdenci\u00e1rio, que reduz o benef\u00edcio conforme aumenta a expectativa de vida. O custo estimado dessa mudan\u00e7a, caso seja sancionada pela presidente Dilma, vai ser de R$ 40,6 bilh\u00f5es em dez anos e de R$ 2,5 trilh\u00f5es em 35 anos.<\/p>\n<p>Tamb\u00e9m ex-ministro da Previd\u00eancia, o senador Garibaldi Alves (PMDB-RN) manifestou opini\u00e3o diferente durante a vota\u00e7\u00e3o da MP 664:<\/p>\n<p>\u2014 No mundo inteiro s\u00e3o pouqu\u00edssimos os pa\u00edses, \u00e9 coisa de se contar nos dedos, onde n\u00e3o h\u00e1 a idade m\u00ednima. Esse fator, isso que estamos discutindo aqui \u00e9 uma heran\u00e7a, porque n\u00f3s queremos ser mais realistas do que o rei. N\u00e3o temos a idade m\u00ednima e apelamos para esses subterf\u00fagios.<\/p>\n<p>Ao contr\u00e1rio do que houve na reforma da Previd\u00eancia promovida no in\u00edcio do governo Lula, desta vez o PT n\u00e3o vai punir os que votaram contra o ajuste fiscal promovido pelo governo. Na C\u00e2mara, dos 64 deputados petistas, 55 participaram da vota\u00e7\u00e3o da Medida Provis\u00f3ria que restringiu o acesso ao seguro-desemprego e s\u00f3 um votou contra.<\/p>\n<p>No Senado, a bancada do PT deu orienta\u00e7\u00e3o favor\u00e1vel \u00e0s Medidas Provis\u00f3rias, mas n\u00e3o fechou quest\u00e3o. Os senadores PauloPaim (RS), que tem como plataforma de seu mandato a defesa dos aposentados; Walter Pinheiro (BA) e Lindbergh Farias (RJ) votaram contra.<\/p>\n<p>Lindbergh, que chegou a defender a demiss\u00e3o do ministro Joaquim Levy (Fazenda), aproveitou o debate do ajuste fiscal para tentar fortalecer a ala desenvolvimentista do governo, no caso o ministro Nelson Barbosa (Planejamento). A presidente Dilma n\u00e3o gostou e rebateu afirmando que n\u00e3o h\u00e1 diverg\u00eancias na equipe econ\u00f4mica.<\/p>\n<p>\u2014 N\u00e3o d\u00e1 mais para fazer discuss\u00e3o de pol\u00edtica econ\u00f4mica intramuros. Queremos que o governo d\u00ea certo. A sa\u00edda \u00e9 crescimento econ\u00f4mico \u2014disse Lindbergh.<\/p>\n<p>O senador Ronaldo Caiado (DEM-GO) acusou a base do governo de fugir do debate sobre o ajuste fiscal:<\/p>\n<p>\u00a0\u2014 N\u00f3s n\u00e3o vimos o governo discutir a (MP) 665 hora alguma. \u00c9 impressionante, n\u00e3o vi um orador para defender a 665 na tribuna. Ent\u00e3o, \u00e9 jogo subterr\u00e2neo. Eles t\u00eam uma maioria impressionante, uma maioria que n\u00e3o tem coragem de assumir a tribuna para defender aquilo em que est\u00e3o votando favoravelmente \u2014 afirmou Caiado, em refer\u00eancia \u00e0 MP que restringiu o acesso ao seguro-desemprego e ao abono salarial.<\/p>\n<p>Assessor da lideran\u00e7a do governo no Congresso, o ex-senador Jo\u00e3o Pedro (PT-AM) minimizou a atua\u00e7\u00e3o de seu partido na discuss\u00e3o das medidas do ajuste:<\/p>\n<p>\u2014 O que importa \u00e9 que votou. \u00c9 um rem\u00e9dio amargo, mas a oposi\u00e7\u00e3o n\u00e3o est\u00e1 de brincadeira, quer atingir o governo, o PT e o Lula \u2014 disse.<\/p>\n<p>Fonte: O Globo \/ Fernanda Krakovics<\/p>\n","protected":false},"excerpt":{"rendered":"<p>Governo criou comit\u00ea para propor alternativa ao sistema atual e encontrar justificativa para o veto Emparedado entre a defesa do governo e de sua base&#8230;<\/p>\n","protected":false},"author":1182,"featured_media":9827,"comment_status":"closed","ping_status":"closed","sticky":false,"template":"","format":"standard","meta":{"footnotes":""},"categories":[6],"tags":[],"class_list":["post-12580","post","type-post","status-publish","format-standard","has-post-thumbnail","hentry","category-noticias"],"_links":{"self":[{"href":"https:\/\/www.sincomam.org.br\/index.php\/wp-json\/wp\/v2\/posts\/12580","targetHints":{"allow":["GET"]}}],"collection":[{"href":"https:\/\/www.sincomam.org.br\/index.php\/wp-json\/wp\/v2\/posts"}],"about":[{"href":"https:\/\/www.sincomam.org.br\/index.php\/wp-json\/wp\/v2\/types\/post"}],"author":[{"embeddable":true,"href":"https:\/\/www.sincomam.org.br\/index.php\/wp-json\/wp\/v2\/users\/1182"}],"replies":[{"embeddable":true,"href":"https:\/\/www.sincomam.org.br\/index.php\/wp-json\/wp\/v2\/comments?post=12580"}],"version-history":[{"count":1,"href":"https:\/\/www.sincomam.org.br\/index.php\/wp-json\/wp\/v2\/posts\/12580\/revisions"}],"predecessor-version":[{"id":12581,"href":"https:\/\/www.sincomam.org.br\/index.php\/wp-json\/wp\/v2\/posts\/12580\/revisions\/12581"}],"wp:featuredmedia":[{"embeddable":true,"href":"https:\/\/www.sincomam.org.br\/index.php\/wp-json\/wp\/v2\/media\/9827"}],"wp:attachment":[{"href":"https:\/\/www.sincomam.org.br\/index.php\/wp-json\/wp\/v2\/media?parent=12580"}],"wp:term":[{"taxonomy":"category","embeddable":true,"href":"https:\/\/www.sincomam.org.br\/index.php\/wp-json\/wp\/v2\/categories?post=12580"},{"taxonomy":"post_tag","embeddable":true,"href":"https:\/\/www.sincomam.org.br\/index.php\/wp-json\/wp\/v2\/tags?post=12580"}],"curies":[{"name":"wp","href":"https:\/\/api.w.org\/{rel}","templated":true}]}}