{"id":12539,"date":"2015-05-29T10:53:39","date_gmt":"2015-05-29T13:53:39","guid":{"rendered":"http:\/\/www.sincomam.org.br\/?p=12539"},"modified":"2015-05-29T10:53:39","modified_gmt":"2015-05-29T13:53:39","slug":"centrais-sindicais-fazem-protestos-pelo-pais-contra-terceirizacao","status":"publish","type":"post","link":"https:\/\/www.sincomam.org.br\/index.php\/centrais-sindicais-fazem-protestos-pelo-pais-contra-terceirizacao\/","title":{"rendered":"Centrais sindicais fazem protestos pelo pa\u00eds contra terceiriza\u00e7\u00e3o"},"content":{"rendered":"<p><strong><em>Em Belo Horizonte e Porto Alegre, trem e metr\u00f4 n\u00e3o circulam nesta manh\u00e3. Manifesta\u00e7\u00f5es na Bahia e em Goi\u00e1s bloquearam vias nesta sexta-feira (29)<\/em><\/strong><\/p>\n<p>Centrais sindicais fazem protestos nesta sexta-feira (29) em pelo menos sete estados contra o Projeto de Lei 4.330\/2004, que regulamenta a terceiriza\u00e7\u00e3o.<\/p>\n<p>Uma passeata fechou a BA-535, conhecida como Via Parafuso, em Salvador, e a BR-324, na sa\u00edda de Feira de Santana.<\/p>\n<p>Em Porto Alegre e Regi\u00e3o Metropolitana, metrovi\u00e1rios aderiram \u00e0 greve. Nenhum trem circulou agora de manh\u00e3. Duzentas mil pessoas usam esse transporte todos os dias.<\/p>\n<p>O metr\u00f4 tamb\u00e9m amanheceu fechado em Belo Horizonte (MG). Uma liminar da Justi\u00e7a obriga que pelo menos metade dos vag\u00f5es circule nos hor\u00e1rios de pico, mas n\u00e3o h\u00e1 trens circulando. Al\u00e9m disso, manifestantes do MST ocuparam o pr\u00e9dio do Minist\u00e9rio da Fazenda, na Avenida Afonso Pena com \u00c1lvares Cabral, no centro da capital.<\/p>\n<p>Manifestantes bloquearam a entrada de terminais e garagens de \u00f4nibus em Goi\u00e2nia, mas alguns j\u00e1 voltaram a circular. Dois sindicalistas foram detidos e liberados logo depois.<\/p>\n<p>Em S\u00e3o Paulo, os manifestantes concentram-se, desde as 6h, na Ponte das Bandeiras, sobre a Marginal Tiet\u00ea. O grupo bloqueia ainda as zonas Oeste, Sul, ABC e Baixada Santista. Os funcion\u00e1rios de ag\u00eancias banc\u00e1rias do centro da cidade tamb\u00e9m est\u00e3o paralisados.<\/p>\n<p>Segundo a CUT, trabalhadores realizam manifesta\u00e7\u00f5es em 16 estados: AL, AM, AP, BA, CE, DF, ES, GO, MA, MG, MS, PA, PB, PE, RJ, RR, RS, SC, SE, SP e TO.<\/p>\n<p>Foto: ilustrativa<\/p>\n","protected":false},"excerpt":{"rendered":"<p>Em Belo Horizonte e Porto Alegre, trem e metr\u00f4 n\u00e3o circulam nesta manh\u00e3. Manifesta\u00e7\u00f5es na Bahia e em Goi\u00e1s bloquearam vias nesta sexta-feira (29) Centrais&#8230;<\/p>\n","protected":false},"author":1182,"featured_media":5947,"comment_status":"closed","ping_status":"closed","sticky":false,"template":"","format":"standard","meta":{"footnotes":""},"categories":[6],"tags":[],"class_list":["post-12539","post","type-post","status-publish","format-standard","has-post-thumbnail","hentry","category-noticias"],"_links":{"self":[{"href":"https:\/\/www.sincomam.org.br\/index.php\/wp-json\/wp\/v2\/posts\/12539","targetHints":{"allow":["GET"]}}],"collection":[{"href":"https:\/\/www.sincomam.org.br\/index.php\/wp-json\/wp\/v2\/posts"}],"about":[{"href":"https:\/\/www.sincomam.org.br\/index.php\/wp-json\/wp\/v2\/types\/post"}],"author":[{"embeddable":true,"href":"https:\/\/www.sincomam.org.br\/index.php\/wp-json\/wp\/v2\/users\/1182"}],"replies":[{"embeddable":true,"href":"https:\/\/www.sincomam.org.br\/index.php\/wp-json\/wp\/v2\/comments?post=12539"}],"version-history":[{"count":1,"href":"https:\/\/www.sincomam.org.br\/index.php\/wp-json\/wp\/v2\/posts\/12539\/revisions"}],"predecessor-version":[{"id":12540,"href":"https:\/\/www.sincomam.org.br\/index.php\/wp-json\/wp\/v2\/posts\/12539\/revisions\/12540"}],"wp:featuredmedia":[{"embeddable":true,"href":"https:\/\/www.sincomam.org.br\/index.php\/wp-json\/wp\/v2\/media\/5947"}],"wp:attachment":[{"href":"https:\/\/www.sincomam.org.br\/index.php\/wp-json\/wp\/v2\/media?parent=12539"}],"wp:term":[{"taxonomy":"category","embeddable":true,"href":"https:\/\/www.sincomam.org.br\/index.php\/wp-json\/wp\/v2\/categories?post=12539"},{"taxonomy":"post_tag","embeddable":true,"href":"https:\/\/www.sincomam.org.br\/index.php\/wp-json\/wp\/v2\/tags?post=12539"}],"curies":[{"name":"wp","href":"https:\/\/api.w.org\/{rel}","templated":true}]}}