{"id":12501,"date":"2015-05-27T10:17:12","date_gmt":"2015-05-27T13:17:12","guid":{"rendered":"http:\/\/www.sincomam.org.br\/?p=12501"},"modified":"2015-05-27T10:21:26","modified_gmt":"2015-05-27T13:21:26","slug":"a-13a-publicacao-da-revista-sincomam-esta-disponivel-em-nosso-site","status":"publish","type":"post","link":"https:\/\/www.sincomam.org.br\/index.php\/a-13a-publicacao-da-revista-sincomam-esta-disponivel-em-nosso-site\/","title":{"rendered":"A 13\u00aa publica\u00e7\u00e3o da revista SINCOMAM est\u00e1 dispon\u00edvel em nosso site"},"content":{"rendered":"<p>O leitor j\u00e1 pode conferir a 13\u00aa edi\u00e7\u00e3o da revista SINCOMAM e ficar informado sobre os principais acontecimentos do setor mar\u00edtimo e portu\u00e1rio no Brasil e no mundo.<\/p>\n<p>A revista traz mat\u00e9rias importantes e esclarecedoras sobre os temas: Terceiriza\u00e7\u00e3o e Mudan\u00e7a no FGTS e Seguro-Desemprego. Os n\u00fameros e as perspectivas da economia no Brasil em 2015, tamb\u00e9m s\u00e3o destaques nesta edi\u00e7\u00e3o. Assim como, a cobertura completa da reelei\u00e7\u00e3o da presidenta Dilma Rousseff, os esc\u00e2ndalos da Petrobras e as investiga\u00e7\u00f5es da Opera\u00e7\u00e3o Lava Jato.<\/p>\n<p>Na entrevista exclusiva conversamos com o novo Comandante da Marinha do Brasil, Almirante-de-Esquadra Eduardo Bacellar Leal Ferreira, que falou sobre os desafios e projetos da Marinha para os pr\u00f3ximos anos. Entrevistamos, ainda, o diretor Operacional da Wilson Sons Rebocadores, S\u00e9rgio Guedes, que abordou sobre a nova frota de navios da empresa. Na capa temos uma reportagem completa sobre a CCR Barcas e os projetos de reestrutura\u00e7\u00e3o e renova\u00e7\u00e3o da frota de embarca\u00e7\u00f5es no transporte aquavi\u00e1rio do Rio de Janeiro.<\/p>\n<p>Boa leitura!<\/p>\n<p>Fonte: SINCOMAM \/Margarida Putti<\/p>\n","protected":false},"excerpt":{"rendered":"<p>O leitor j\u00e1 pode conferir a 13\u00aa edi\u00e7\u00e3o da revista SINCOMAM e ficar informado sobre os principais acontecimentos do setor mar\u00edtimo e portu\u00e1rio no Brasil&#8230;<\/p>\n","protected":false},"author":1182,"featured_media":3251,"comment_status":"closed","ping_status":"closed","sticky":false,"template":"","format":"standard","meta":{"footnotes":""},"categories":[6],"tags":[61,1774,128,182,15,117,58,69,803,1773,1772,17,1767,478],"class_list":["post-12501","post","type-post","status-publish","format-standard","has-post-thumbnail","hentry","category-noticias","tag-brasil","tag-ccr-barcas","tag-estaleiros","tag-industria-naval","tag-marinha","tag-navios","tag-petrobras","tag-portos","tag-rebocadores","tag-reportagem","tag-revista","tag-sincomam","tag-terceirizacao","tag-wilson-sons"],"_links":{"self":[{"href":"https:\/\/www.sincomam.org.br\/index.php\/wp-json\/wp\/v2\/posts\/12501","targetHints":{"allow":["GET"]}}],"collection":[{"href":"https:\/\/www.sincomam.org.br\/index.php\/wp-json\/wp\/v2\/posts"}],"about":[{"href":"https:\/\/www.sincomam.org.br\/index.php\/wp-json\/wp\/v2\/types\/post"}],"author":[{"embeddable":true,"href":"https:\/\/www.sincomam.org.br\/index.php\/wp-json\/wp\/v2\/users\/1182"}],"replies":[{"embeddable":true,"href":"https:\/\/www.sincomam.org.br\/index.php\/wp-json\/wp\/v2\/comments?post=12501"}],"version-history":[{"count":2,"href":"https:\/\/www.sincomam.org.br\/index.php\/wp-json\/wp\/v2\/posts\/12501\/revisions"}],"predecessor-version":[{"id":12503,"href":"https:\/\/www.sincomam.org.br\/index.php\/wp-json\/wp\/v2\/posts\/12501\/revisions\/12503"}],"wp:featuredmedia":[{"embeddable":true,"href":"https:\/\/www.sincomam.org.br\/index.php\/wp-json\/wp\/v2\/media\/3251"}],"wp:attachment":[{"href":"https:\/\/www.sincomam.org.br\/index.php\/wp-json\/wp\/v2\/media?parent=12501"}],"wp:term":[{"taxonomy":"category","embeddable":true,"href":"https:\/\/www.sincomam.org.br\/index.php\/wp-json\/wp\/v2\/categories?post=12501"},{"taxonomy":"post_tag","embeddable":true,"href":"https:\/\/www.sincomam.org.br\/index.php\/wp-json\/wp\/v2\/tags?post=12501"}],"curies":[{"name":"wp","href":"https:\/\/api.w.org\/{rel}","templated":true}]}}