{"id":12497,"date":"2015-05-27T10:01:58","date_gmt":"2015-05-27T13:01:58","guid":{"rendered":"http:\/\/www.sincomam.org.br\/?p=12497"},"modified":"2015-05-27T10:01:58","modified_gmt":"2015-05-27T13:01:58","slug":"liderancas-politicas-da-bahia-se-unem-em-defesa-da-enseada-industria-naval","status":"publish","type":"post","link":"https:\/\/www.sincomam.org.br\/index.php\/liderancas-politicas-da-bahia-se-unem-em-defesa-da-enseada-industria-naval\/","title":{"rendered":"Lideran\u00e7as pol\u00edticas da Bahia se unem em defesa da enseada ind\u00fastria naval"},"content":{"rendered":"<p>Autoridades pol\u00edticas da Bahia se reuniram na segunda-feira (25\/05) na sede da Federa\u00e7\u00e3o das Ind\u00fastrias do Estado da Bahia (FIEB), em Salvador, com um objetivo em comum: unir for\u00e7as para garantir a retomada das obras e da opera\u00e7\u00e3o do estaleiro da Enseada Ind\u00fastria Naval. As principais linhas de discuss\u00e3o foram voltadas para a ratifica\u00e7\u00e3o pela Petrobras do programa de explora\u00e7\u00e3o do pr\u00e9-sal, a libera\u00e7\u00e3o do financiamento de R$ 600 milh\u00f5es aprovados pelo Fundo de Marinha Mercante (FMM), mas que at\u00e9 o momento n\u00e3o foi liberado pelos bancos repassadores, e o pagamento, pela Sete Brasil, de servi\u00e7os j\u00e1 executados pelo estaleiro na fabrica\u00e7\u00e3o das sondas de perfura\u00e7\u00e3o. Dada a gravidade da crise de liquidez vivida pela Enseada, a expectativa \u00e9 que isso aconte\u00e7a nos pr\u00f3ximos dias.<\/p>\n<p>Parlamentares de diversos partidos que estiveram presentes no evento reconheceram a import\u00e2ncia do empreendimento para o estado, bem como os impactos econ\u00f4micos e sociais causados com a paralisa\u00e7\u00e3o do estaleiro. Atrav\u00e9s desse consenso, surgiu a ideia de criar um \u2018Partido do Povo Baiano\u2019 para defender \u00e0queles que t\u00eam sido afetados pela crise de liquidez na ind\u00fastria naval. Vera Lucia Santos, prefeita de Maragojipe, lamentou os atuais \u00edndices do munic\u00edpio. \u201cTemos hoje uma taxa de desemprego muito grande, preju\u00edzos no com\u00e9rcio, lojas fechando. \u00c9 dif\u00edcil e triste ver essa situa\u00e7\u00e3o. Outro impacto tem sido tamb\u00e9m na gera\u00e7\u00e3o de receita\u201d, disse a gestora da cidade. Entre os anos de 2011 e 2015 a Enseada Ind\u00fastria Naval desembolsou mais de R$ 37 milh\u00f5es em impostos para os munic\u00edpios da regi\u00e3o. Na esfera estadual o valor pago equivale a mais de R$ 22 milh\u00f5es e no \u00e2mbito federal ultrapassa os R$ 62 milh\u00f5es. J\u00e1 o hist\u00f3rico de pagamentos de encargos sociais (INSS e FGTS) representa mais R$ 205 milh\u00f5es.<\/p>\n<p>O presidente da Enseada, Fernando Barbosa, falou sobre o momento vivido pelo estaleiro e a situa\u00e7\u00e3o dos empres\u00e1rios locais motivada pelo desemprego na regi\u00e3o. \u201cNossa chegada no Rec\u00f4ncavo trouxe uma s\u00e9rie de oportunidades para os moradores. Somos uma ind\u00fastria fertilizadora e agora enfrentando uma crise de liquidez no setor que nos afeta profundamente. Fizemos um investimento alt\u00edssimo em tecnologia, mandamos pessoas para serem treinadas no Jap\u00e3o no estaleiro da Kawasaki e isso tudo neste momento est\u00e1 paralisado\u201d, frisou o presidente. Ainda de acordo com ele, o estaleiro tem contado com apoio dos acionistas e dos governos da Bahia e do Jap\u00e3o. \u201cO governo japon\u00eas tem nos apoiado incondicionalmente. Sempre tivemos tamb\u00e9m um apoio do Estado, uma parceria estreita e fundamental\u201d, revelou.<\/p>\n<p>Para Ricardo Alban, presidente da FIEB, um empreendimento do porte do estaleiro Enseada \u00e9 estrat\u00e9gico para a economia local e para o resgate da ind\u00fastria naval nacional. \u201cS\u00e3o investimentos da ordem de R$ 3,2 bilh\u00f5es que t\u00eam efeitos muito positivos para o emprego, a renda e a arrecada\u00e7\u00e3o em munic\u00edpios com baixo desenvolvimento econ\u00f4mico e social. Al\u00e9m disso, o empreendimento pode contribuir para a revitaliza\u00e7\u00e3o do segmento metalmec\u00e2nico baiano. Trata-se de um projeto estruturante e de grande impacto para a ind\u00fastria, em raz\u00e3o dos seus efeitos multiplicadores para a economia, em especial no momento em que enfrentamos uma crise econ\u00f4mica\u201d, afirmou Alban.<\/p>\n<p>Tamb\u00e9m presente na reuni\u00e3o, o presidente do Sindicato dos Trabalhadores da Constru\u00e7\u00e3o Pesada e Montagem Industrial do Estado da Bahia (SINTEPAV), Bebeto Galv\u00e3o, salientou que a retomada da ind\u00fastria naval na Bahia foi uma decis\u00e3o pol\u00edtica do Estado, n\u00e3o somente dos acionistas do empreendimento. \u201cTemos que olhar para o valor que esse estaleiro tem para a vida da Bahia. N\u00e3o podemos permitir a interrup\u00e7\u00e3o daquela obra, nem das atividades industriais por tudo que isso representa. O estaleiro n\u00e3o pode ser compreendido como apenas dos acionistas e sim como uma conquista do povo baiano. Hoje, temos mais de 6 mil pessoas desligadas das suas atividades na Enseada\u201d, pontuou Bebeto. Entre novembro de 2014 e mar\u00e7o de 2015, a massa salarial anualizada retirada do mercado com as demiss\u00f5es foi de R$ 120 milh\u00f5es, impactando Maragojipe, Salinas da Margarida e todo o Rec\u00f4ncavo.<\/p>\n<p><strong>Principais n\u00fameros da Enseada<\/strong><\/p>\n<p>&#8211; Investimento total na Bahia: R$ 3,2 bilh\u00f5es<\/p>\n<p>&#8211; Investimento j\u00e1 realizado na Bahia: R$ 2,6 bilh\u00f5es<\/p>\n<p>&#8211; Investimento realizado em transfer\u00eancia tecnol\u00f3gica: US$ 85 milh\u00f5es<\/p>\n<p>&#8211; Gera\u00e7\u00e3o de empregos no pico das obras: 7.200 trabalhadores, sendo 87% de baianos<\/p>\n<p>&#8211; Investimentos j\u00e1 realizados em a\u00e7\u00f5es sociais no entorno: R$ 40 milh\u00f5es<\/p>\n<p>&#8211; Pagamentos de tributos at\u00e9 o momento: R$ 326 milh\u00f5es (Federal, Estadual e Municipal)<\/p>\n<p>&#8211; Carteira de contratos com a Sete Brasil: US$ 4,8 bilh\u00f5es \u2013 fabrica\u00e7\u00e3o, na Bahia, de seis sondas de perfura\u00e7\u00e3o<\/p>\n<p>&#8211; Carteira de contratos com a Petrobras: US$ 1,7 bilh\u00e3o \u2013 convers\u00e3o, no Rio de Janeiro, de quatro cascos de navios VLCCs em FPSOs<\/p>\n<p>Fonte: Ascom Enseada<\/p>\n","protected":false},"excerpt":{"rendered":"<p>Autoridades pol\u00edticas da Bahia se reuniram na segunda-feira (25\/05) na sede da Federa\u00e7\u00e3o das Ind\u00fastrias do Estado da Bahia (FIEB), em Salvador, com um objetivo&#8230;<\/p>\n","protected":false},"author":1182,"featured_media":12498,"comment_status":"closed","ping_status":"closed","sticky":false,"template":"","format":"standard","meta":{"footnotes":""},"categories":[6],"tags":[],"class_list":["post-12497","post","type-post","status-publish","format-standard","has-post-thumbnail","hentry","category-noticias"],"_links":{"self":[{"href":"https:\/\/www.sincomam.org.br\/index.php\/wp-json\/wp\/v2\/posts\/12497","targetHints":{"allow":["GET"]}}],"collection":[{"href":"https:\/\/www.sincomam.org.br\/index.php\/wp-json\/wp\/v2\/posts"}],"about":[{"href":"https:\/\/www.sincomam.org.br\/index.php\/wp-json\/wp\/v2\/types\/post"}],"author":[{"embeddable":true,"href":"https:\/\/www.sincomam.org.br\/index.php\/wp-json\/wp\/v2\/users\/1182"}],"replies":[{"embeddable":true,"href":"https:\/\/www.sincomam.org.br\/index.php\/wp-json\/wp\/v2\/comments?post=12497"}],"version-history":[{"count":1,"href":"https:\/\/www.sincomam.org.br\/index.php\/wp-json\/wp\/v2\/posts\/12497\/revisions"}],"predecessor-version":[{"id":12499,"href":"https:\/\/www.sincomam.org.br\/index.php\/wp-json\/wp\/v2\/posts\/12497\/revisions\/12499"}],"wp:featuredmedia":[{"embeddable":true,"href":"https:\/\/www.sincomam.org.br\/index.php\/wp-json\/wp\/v2\/media\/12498"}],"wp:attachment":[{"href":"https:\/\/www.sincomam.org.br\/index.php\/wp-json\/wp\/v2\/media?parent=12497"}],"wp:term":[{"taxonomy":"category","embeddable":true,"href":"https:\/\/www.sincomam.org.br\/index.php\/wp-json\/wp\/v2\/categories?post=12497"},{"taxonomy":"post_tag","embeddable":true,"href":"https:\/\/www.sincomam.org.br\/index.php\/wp-json\/wp\/v2\/tags?post=12497"}],"curies":[{"name":"wp","href":"https:\/\/api.w.org\/{rel}","templated":true}]}}