{"id":12484,"date":"2015-05-27T09:39:22","date_gmt":"2015-05-27T12:39:22","guid":{"rendered":"http:\/\/www.sincomam.org.br\/?p=12484"},"modified":"2015-05-27T09:39:22","modified_gmt":"2015-05-27T12:39:22","slug":"abenav-firma-acordo-com-associacao-espanhola","status":"publish","type":"post","link":"https:\/\/www.sincomam.org.br\/index.php\/abenav-firma-acordo-com-associacao-espanhola\/","title":{"rendered":"Abenav firma acordo com associa\u00e7\u00e3o espanhola"},"content":{"rendered":"<p>A Associa\u00e7\u00e3o Brasileira das Empresas de Constru\u00e7\u00e3o Naval e Offshore (Abenav) firmou acordo de coopera\u00e7\u00e3o com a Aclunaga \u2014 Associa\u00e7\u00e3o Cluster Del Naval Gallego, da Espanha. O conv\u00eanio, assinado nesta ter\u00e7a-feira (26), inclui 115 empresas da Gal\u00edcia vinculadas \u00e0 entidade espanhola e 26 empresas brasileiras associadas \u00e0 Abenav.<\/p>\n<p>De acordo com a Abenav, o acordo tem como objetivo o desenvolvimento de bens, equipes e servi\u00e7os competitivos, incluindo uma futura coopera\u00e7\u00e3o dirigida \u00e0 capacita\u00e7\u00e3o dos recursos humanos e a colabora\u00e7\u00e3o no \u00e2mbito da industrializa\u00e7\u00e3o, al\u00e9m do interc\u00e2mbio tecnol\u00f3gico entre a ind\u00fastria naval galega e brasileira.<\/p>\n<p>O acordo foi assinado no Rio de Janeiro (RJ) pelo gerente da Aclunaga, Oscar Gomez Diaz, e pelo presidente executivo da Abenav, Sergio Bacci.<\/p>\n<p>Fonte: Portos e Navios<\/p>\n","protected":false},"excerpt":{"rendered":"<p>A Associa\u00e7\u00e3o Brasileira das Empresas de Constru\u00e7\u00e3o Naval e Offshore (Abenav) firmou acordo de coopera\u00e7\u00e3o com a Aclunaga \u2014 Associa\u00e7\u00e3o Cluster Del Naval Gallego, da&#8230;<\/p>\n","protected":false},"author":1182,"featured_media":6721,"comment_status":"closed","ping_status":"closed","sticky":false,"template":"","format":"standard","meta":{"footnotes":""},"categories":[6],"tags":[],"class_list":["post-12484","post","type-post","status-publish","format-standard","has-post-thumbnail","hentry","category-noticias"],"_links":{"self":[{"href":"https:\/\/www.sincomam.org.br\/index.php\/wp-json\/wp\/v2\/posts\/12484","targetHints":{"allow":["GET"]}}],"collection":[{"href":"https:\/\/www.sincomam.org.br\/index.php\/wp-json\/wp\/v2\/posts"}],"about":[{"href":"https:\/\/www.sincomam.org.br\/index.php\/wp-json\/wp\/v2\/types\/post"}],"author":[{"embeddable":true,"href":"https:\/\/www.sincomam.org.br\/index.php\/wp-json\/wp\/v2\/users\/1182"}],"replies":[{"embeddable":true,"href":"https:\/\/www.sincomam.org.br\/index.php\/wp-json\/wp\/v2\/comments?post=12484"}],"version-history":[{"count":1,"href":"https:\/\/www.sincomam.org.br\/index.php\/wp-json\/wp\/v2\/posts\/12484\/revisions"}],"predecessor-version":[{"id":12485,"href":"https:\/\/www.sincomam.org.br\/index.php\/wp-json\/wp\/v2\/posts\/12484\/revisions\/12485"}],"wp:featuredmedia":[{"embeddable":true,"href":"https:\/\/www.sincomam.org.br\/index.php\/wp-json\/wp\/v2\/media\/6721"}],"wp:attachment":[{"href":"https:\/\/www.sincomam.org.br\/index.php\/wp-json\/wp\/v2\/media?parent=12484"}],"wp:term":[{"taxonomy":"category","embeddable":true,"href":"https:\/\/www.sincomam.org.br\/index.php\/wp-json\/wp\/v2\/categories?post=12484"},{"taxonomy":"post_tag","embeddable":true,"href":"https:\/\/www.sincomam.org.br\/index.php\/wp-json\/wp\/v2\/tags?post=12484"}],"curies":[{"name":"wp","href":"https:\/\/api.w.org\/{rel}","templated":true}]}}