{"id":12469,"date":"2015-05-26T10:54:05","date_gmt":"2015-05-26T13:54:05","guid":{"rendered":"http:\/\/www.sincomam.org.br\/?p=12469"},"modified":"2015-05-26T10:54:05","modified_gmt":"2015-05-26T13:54:05","slug":"portuarios-se-reunem-na-quinta-feira-para-definir-paralisacao","status":"publish","type":"post","link":"https:\/\/www.sincomam.org.br\/index.php\/portuarios-se-reunem-na-quinta-feira-para-definir-paralisacao\/","title":{"rendered":"Portu\u00e1rios se re\u00fanem na quinta-feira para definir paralisa\u00e7\u00e3o"},"content":{"rendered":"<p><strong><strong><\/strong><\/strong>Os oito sindicatos do porto de Santos, mais os caminhoneiros aut\u00f4nomos, realizaram ontem, segunda-feira, assembleias individuais, para deliberar sobre paralisa\u00e7\u00e3o de seis horas em 1\u00ba de junho.<\/p>\n<p>As reivindica\u00e7\u00f5es aprovadas nessas reuni\u00f5es ser\u00e3o levadas a uma assembleia conjunta, de todas as categorias, na quinta-feira (28), para acertar os detalhes da paralisa\u00e7\u00e3o.<\/p>\n<p>Com isso, os portu\u00e1rios n\u00e3o participar\u00e3o do dia nacional de lutas, em 29 de maio, programado pela CUT e outras centrais. O encaminhamento foi aprovado em reuni\u00e3o de sindicalistas, na manh\u00e3 de ter\u00e7a-feira (19).<\/p>\n<p>Nas assembleias de hoje, cada categoria apresentar\u00e1 uma pauta de reivindica\u00e7\u00f5es. Na assembleia unit\u00e1ria, em 28 de maio, quinta-feira, as reivindica\u00e7\u00f5es ser\u00e3o acopladas em pauta \u00fanica.<\/p>\n<p>Porto de Santos pode ser paralisado por 6 horas, em greve de advert\u00eancia no dia 1\u00ba de junho (Arquivo\/ DL)<\/p>\n<p><strong>CUT e For\u00e7a Sindical<\/strong><\/p>\n<p>A participa\u00e7\u00e3o da categoria no dia nacional de lutas foi descartada por diverg\u00eancias entre federa\u00e7\u00e3o nacional dos portu\u00e1rios (FNP) e a For\u00e7a Sindical, \u00e0s quais s\u00e3o filiados alguns sindicatos do setor.<\/p>\n<p>A FNP, filiada \u00e0 CUT, mesma central do sindicato dos empregados na administra\u00e7\u00e3o do porto (Sindaport), n\u00e3o incluiu, na pauta do dia 29, as medidas provis\u00f3rias 664 e 665.<\/p>\n<p>As duas medidas integram o chamado pacote de ajuste fiscal do governo Dilma e dificultam o acesso de trabalhadores e dependentes a benef\u00edcios previdenci\u00e1rios.<\/p>\n<p>A pauta \u00e9 assinada tamb\u00e9m pelas federa\u00e7\u00f5es nacionais dos estivadores (FNE) e dos conferentes, consertadores, vigias portu\u00e1rios, trabalhadores de bloco, arrumadores e amarradores de navios (Fenccovib).<\/p>\n<p>A For\u00e7a Sindical, por sua vez, da qual participam os sindicatos dos estivadores e dos oper\u00e1rios portu\u00e1rios (Sintraport), defende emendas ao projeto de lei da terceiriza\u00e7\u00e3o e \u00e9 contra as duas medidas provis\u00f3rias.<\/p>\n<p><strong>Unidade<\/strong><\/p>\n<p>\u201cComo a nossa unidade \u00e9 mais importante que as diverg\u00eancias das centrais\u201d, diz o presidente do Sintraport, Claudiomiro Machado Miro, \u201cresolvemos tocar nossa campanha em separado\u201d.<\/p>\n<p>Miro pondera que a luta dos portu\u00e1rios \u201cacabar\u00e1 sendo bem abrangente. Com certeza, nossas assembleias colocar\u00e3o as medidas provis\u00f3rias e a terceiriza\u00e7\u00e3o no mesmo pacote\u201d. O presidente do Sindaport, Everandy Cirino concorda.<\/p>\n<p>Fonte: Di\u00e1rio do Litoral<\/p>\n","protected":false},"excerpt":{"rendered":"<p>Os oito sindicatos do porto de Santos, mais os caminhoneiros aut\u00f4nomos, realizaram ontem, segunda-feira, assembleias individuais, para deliberar sobre paralisa\u00e7\u00e3o de seis horas em 1\u00ba&#8230;<\/p>\n","protected":false},"author":1182,"featured_media":9787,"comment_status":"closed","ping_status":"closed","sticky":false,"template":"","format":"standard","meta":{"footnotes":""},"categories":[6],"tags":[],"class_list":["post-12469","post","type-post","status-publish","format-standard","has-post-thumbnail","hentry","category-noticias"],"_links":{"self":[{"href":"https:\/\/www.sincomam.org.br\/index.php\/wp-json\/wp\/v2\/posts\/12469","targetHints":{"allow":["GET"]}}],"collection":[{"href":"https:\/\/www.sincomam.org.br\/index.php\/wp-json\/wp\/v2\/posts"}],"about":[{"href":"https:\/\/www.sincomam.org.br\/index.php\/wp-json\/wp\/v2\/types\/post"}],"author":[{"embeddable":true,"href":"https:\/\/www.sincomam.org.br\/index.php\/wp-json\/wp\/v2\/users\/1182"}],"replies":[{"embeddable":true,"href":"https:\/\/www.sincomam.org.br\/index.php\/wp-json\/wp\/v2\/comments?post=12469"}],"version-history":[{"count":1,"href":"https:\/\/www.sincomam.org.br\/index.php\/wp-json\/wp\/v2\/posts\/12469\/revisions"}],"predecessor-version":[{"id":12470,"href":"https:\/\/www.sincomam.org.br\/index.php\/wp-json\/wp\/v2\/posts\/12469\/revisions\/12470"}],"wp:featuredmedia":[{"embeddable":true,"href":"https:\/\/www.sincomam.org.br\/index.php\/wp-json\/wp\/v2\/media\/9787"}],"wp:attachment":[{"href":"https:\/\/www.sincomam.org.br\/index.php\/wp-json\/wp\/v2\/media?parent=12469"}],"wp:term":[{"taxonomy":"category","embeddable":true,"href":"https:\/\/www.sincomam.org.br\/index.php\/wp-json\/wp\/v2\/categories?post=12469"},{"taxonomy":"post_tag","embeddable":true,"href":"https:\/\/www.sincomam.org.br\/index.php\/wp-json\/wp\/v2\/tags?post=12469"}],"curies":[{"name":"wp","href":"https:\/\/api.w.org\/{rel}","templated":true}]}}