{"id":12467,"date":"2015-05-26T10:51:31","date_gmt":"2015-05-26T13:51:31","guid":{"rendered":"http:\/\/www.sincomam.org.br\/?p=12467"},"modified":"2015-05-26T10:51:31","modified_gmt":"2015-05-26T13:51:31","slug":"sep-confirma-novo-presidente-da-docas-do-rio-atraves-de-oficio","status":"publish","type":"post","link":"https:\/\/www.sincomam.org.br\/index.php\/sep-confirma-novo-presidente-da-docas-do-rio-atraves-de-oficio\/","title":{"rendered":"SEP confirma novo presidente da Docas do Rio atrav\u00e9s de of\u00edcio"},"content":{"rendered":"<p>Atrav\u00e9s do Of\u00edcio 977\/2015\/SEP\/PR, enviado aos Cuidados da Senhora Rita de C\u00e1ssia Vandanezi Munck, Presidente do Conselho de Administra\u00e7\u00e3o da Cia. Docas do Rio de Janeiro (CDRJ), o Ministro Edinho Ara\u00fajo confirmou aquilo que os jornais j\u00e1 vinham informando, ou seja, que o novo Diretor-presidente da CDRJ, apadrinhado dos Deputados Eduardo Cunha e Leonardo Picciani, ambos do PMDB, ser\u00e1 Alexandre Porto Gadelha, Ex-diretor da Nuclebr\u00e1s Equipamentos Pesados S\/A. (Nuclep). A nomea\u00e7\u00e3o do apadrinhado ser\u00e1 na quinta-feira 28\/05 durante a reuni\u00e3o do Consad.<\/p>\n<p>Notem que o documento tem sua numera\u00e7\u00e3o e data escritas \u00e0 caneta, ou seja, j\u00e1 estava pronto e assinado pelo Ministro dos Portos, aguardando apenas as negociatas do ajuste fiscal, sendo que, claramente, a dire\u00e7\u00e3o da CDRJ refere-se apenas a uma das tantas parcelas de itens a serem aprovados. \u00c9 assim que os rumos dos nossos portos s\u00e3o definidos, na base da parcela, na negociata, no aparelhamento e no fatiamento.<\/p>\n<p>Lamentavelmente, a pol\u00edtica, mais uma vez, ganhou prefer\u00eancia e espa\u00e7o em um setor onde a efici\u00eancia e o alto n\u00edvel de tecnicidade s\u00e3o condi\u00e7\u00f5es b\u00e1sicas. A hist\u00f3ria tende a ser repetir, pois \u00e9 evidente que esse Senhor vem para aparelhar a companhia e cometer as mesm\u00edssimas mazelas dos apadrinhados sanguessugas indicados por partidos pol\u00edticos anteriormente. \u00c9 a velha hist\u00f3ria, \u201cDiga-me com quem andas e te direi quem \u00e9s!\u201d. Afinal de contas, qual o interesse de Deputados nos nossos portos?<\/p>\n<p>J\u00e1 ao Ministro Edinho Ara\u00fajo (do mesmo partido dos Deputados), com todo respeito que devemos ao cargo e n\u00e3o \u00e0 pessoa dele, mostrou n\u00e3o ter coragem ao entregar a gest\u00e3o da CDRJ (destru\u00edda por aparelhamentos e fatiamentos de cargos, sem alfandegamento das suas \u00e1reas) ao PMDB e n\u00e3o enfrentar o sistema como deveria. E n\u00e3o adianta ficar falando pelos cantos que est\u00e1 constrangido com essa nomea\u00e7\u00e3o, que n\u00e3o queria mudara gest\u00e3o da CDRJ, se fazendo de vitima do sistema. Um Ministro que se preze deve defender os interesses e a efici\u00eancia de seu setor e ter a coragem de enfrentar esse sistema, ainda que ele seja poderoso, corrosivo, sem \u00e9tica e comprovadamente corrupto, como \u00e9 a pol\u00edtica brasileira. A falta de coragem tamb\u00e9m se estende ao Chefe de Gabinete dele, que correu de uma conversa franca conosco ao telefone, vez que n\u00e3o retornou nossas 06 tentativas de contato e n\u00e3o respondeu nossas mensagens.<\/p>\n<p>T\u00e3o lament\u00e1vel quanto \u00e0 falta de coragem do Ministro dos Portos \u00e9 a falta de atitude da comunidade portu\u00e1ria e mar\u00edtima, composta por terminais portu\u00e1rios, armadores e demais prestadores de servi\u00e7os. S\u00e3o capazes de oferecer um almo\u00e7o para homenagear a boa gest\u00e3o que a atual diretoria vem fazendo na CDRJ, mas se acovardam ao n\u00e3o defender a Autoridade Portu\u00e1ria do aparelhamento.<\/p>\n<p>E assim vamos tocando os nossos portos. Agora, resta aos funcion\u00e1rios de CDRJ e seus sindicatos sentarem e chorarem, pois tudo voltar\u00e1 a ser como dantes no quartel de Abrantes. J\u00e1 a comunidade portu\u00e1ria e mar\u00edtima, afirmamos que \u00e9 bom come\u00e7ar a preparar seus caixas j\u00e1 perfurados pela crise do pa\u00eds, pois ter\u00e3o que contribuir com as campanhas das elei\u00e7\u00f5es municipais do ano que vem, obviamente, se seus componentes quiserem trabalhar em paz. Os usu\u00e1rios ser\u00e3o defendidos, pois temos ao nosso lado o Tribunal de Contas da Uni\u00e3o (TCU) e o Minist\u00e9rio P\u00fablico Federal (MPF), isso sem falar nos jornalistas, que muito nos ajudam a aumentar o volume do grito.<\/p>\n<p>Fonte: Usuport Rio<\/p>\n","protected":false},"excerpt":{"rendered":"<p>Atrav\u00e9s do Of\u00edcio 977\/2015\/SEP\/PR, enviado aos Cuidados da Senhora Rita de C\u00e1ssia Vandanezi Munck, Presidente do Conselho de Administra\u00e7\u00e3o da Cia. Docas do Rio de&#8230;<\/p>\n","protected":false},"author":1182,"featured_media":7007,"comment_status":"closed","ping_status":"closed","sticky":false,"template":"","format":"standard","meta":{"footnotes":""},"categories":[6],"tags":[],"class_list":["post-12467","post","type-post","status-publish","format-standard","has-post-thumbnail","hentry","category-noticias"],"_links":{"self":[{"href":"https:\/\/www.sincomam.org.br\/index.php\/wp-json\/wp\/v2\/posts\/12467","targetHints":{"allow":["GET"]}}],"collection":[{"href":"https:\/\/www.sincomam.org.br\/index.php\/wp-json\/wp\/v2\/posts"}],"about":[{"href":"https:\/\/www.sincomam.org.br\/index.php\/wp-json\/wp\/v2\/types\/post"}],"author":[{"embeddable":true,"href":"https:\/\/www.sincomam.org.br\/index.php\/wp-json\/wp\/v2\/users\/1182"}],"replies":[{"embeddable":true,"href":"https:\/\/www.sincomam.org.br\/index.php\/wp-json\/wp\/v2\/comments?post=12467"}],"version-history":[{"count":1,"href":"https:\/\/www.sincomam.org.br\/index.php\/wp-json\/wp\/v2\/posts\/12467\/revisions"}],"predecessor-version":[{"id":12468,"href":"https:\/\/www.sincomam.org.br\/index.php\/wp-json\/wp\/v2\/posts\/12467\/revisions\/12468"}],"wp:featuredmedia":[{"embeddable":true,"href":"https:\/\/www.sincomam.org.br\/index.php\/wp-json\/wp\/v2\/media\/7007"}],"wp:attachment":[{"href":"https:\/\/www.sincomam.org.br\/index.php\/wp-json\/wp\/v2\/media?parent=12467"}],"wp:term":[{"taxonomy":"category","embeddable":true,"href":"https:\/\/www.sincomam.org.br\/index.php\/wp-json\/wp\/v2\/categories?post=12467"},{"taxonomy":"post_tag","embeddable":true,"href":"https:\/\/www.sincomam.org.br\/index.php\/wp-json\/wp\/v2\/tags?post=12467"}],"curies":[{"name":"wp","href":"https:\/\/api.w.org\/{rel}","templated":true}]}}