{"id":12461,"date":"2015-05-25T11:34:49","date_gmt":"2015-05-25T14:34:49","guid":{"rendered":"http:\/\/www.sincomam.org.br\/?p=12461"},"modified":"2015-05-25T11:34:49","modified_gmt":"2015-05-25T14:34:49","slug":"diretores-da-antaq-visitam-itaqui-e-terminais-portuarios-do-maranhao","status":"publish","type":"post","link":"https:\/\/www.sincomam.org.br\/index.php\/diretores-da-antaq-visitam-itaqui-e-terminais-portuarios-do-maranhao\/","title":{"rendered":"Diretores da Antaq visitam Itaqui e terminais portu\u00e1rios do Maranh\u00e3o"},"content":{"rendered":"<p><strong><em>Os diretores conversaram com o governador acerca de novas instala\u00e7\u00f5es portu\u00e1rias e investimentos no setor, no Estado<\/em><\/strong><\/p>\n<p>Os diretores da Antaq (Ag\u00eancia Nacional de Transportes Aquavi\u00e1rios), Mario Povia (diretor-geral) e Fernando Fonseca, acompanhados do chefe da Unidade Regional da Ag\u00eancia em S\u00e3o Lu\u00eds, Marcelo Carvalho, visitaram na semana passada, o Porto do Itaqui e terminais portu\u00e1rios do Maranh\u00e3o.<\/p>\n<p>Eles conheceram o centro de controle de opera\u00e7\u00f5es, o p\u00e1tio de min\u00e9rios, o centro de controle do p\u00e1tio de min\u00e9rios e o P\u00eder IV.<\/p>\n<p>Na sequ\u00eancia, eles se avistaram com o governador do Maranh\u00e3o, Fl\u00e1vio Dino. Na oportunidade, os diretores conversaram com o governador acerca de novas instala\u00e7\u00f5es portu\u00e1rias e investimentos no setor, no Estado. O governador pediu o apoio da Ag\u00eancia para destravar as amarras que impedem o avan\u00e7o das licita\u00e7\u00f5es de terminais portu\u00e1rios.<\/p>\n<p>Entre os assuntos discutidos estava a libera\u00e7\u00e3o pelo TCU (Tribunal de Contas da Uni\u00e3o) das licita\u00e7\u00f5es das \u00e1reas cujos contratos est\u00e3o vencidos, e orientaram o governador e o secret\u00e1rio de Ind\u00fastria e Com\u00e9rcio, Simpl\u00edcio Ara\u00fajo, sobre a regulariza\u00e7\u00e3o de instala\u00e7\u00f5es portu\u00e1rias no litoral maranhense.<\/p>\n<p>Em seguida, eles visitaram as instala\u00e7\u00f5es dos terminais do Tegram, Alumar e Mearim e acompanharam uma apresenta\u00e7\u00e3o sobre o projeto de instala\u00e7\u00e3o de um novo terminal de uso privativo no complexo portu\u00e1rio de S\u00e3o Lu\u00eds.<\/p>\n<p>Fonte: Guia Mar\u00edtimo<\/p>\n","protected":false},"excerpt":{"rendered":"<p>Os diretores conversaram com o governador acerca de novas instala\u00e7\u00f5es portu\u00e1rias e investimentos no setor, no Estado Os diretores da Antaq (Ag\u00eancia Nacional de Transportes&#8230;<\/p>\n","protected":false},"author":1182,"featured_media":8125,"comment_status":"closed","ping_status":"closed","sticky":false,"template":"","format":"standard","meta":{"footnotes":""},"categories":[6],"tags":[],"class_list":["post-12461","post","type-post","status-publish","format-standard","has-post-thumbnail","hentry","category-noticias"],"_links":{"self":[{"href":"https:\/\/www.sincomam.org.br\/index.php\/wp-json\/wp\/v2\/posts\/12461","targetHints":{"allow":["GET"]}}],"collection":[{"href":"https:\/\/www.sincomam.org.br\/index.php\/wp-json\/wp\/v2\/posts"}],"about":[{"href":"https:\/\/www.sincomam.org.br\/index.php\/wp-json\/wp\/v2\/types\/post"}],"author":[{"embeddable":true,"href":"https:\/\/www.sincomam.org.br\/index.php\/wp-json\/wp\/v2\/users\/1182"}],"replies":[{"embeddable":true,"href":"https:\/\/www.sincomam.org.br\/index.php\/wp-json\/wp\/v2\/comments?post=12461"}],"version-history":[{"count":1,"href":"https:\/\/www.sincomam.org.br\/index.php\/wp-json\/wp\/v2\/posts\/12461\/revisions"}],"predecessor-version":[{"id":12462,"href":"https:\/\/www.sincomam.org.br\/index.php\/wp-json\/wp\/v2\/posts\/12461\/revisions\/12462"}],"wp:featuredmedia":[{"embeddable":true,"href":"https:\/\/www.sincomam.org.br\/index.php\/wp-json\/wp\/v2\/media\/8125"}],"wp:attachment":[{"href":"https:\/\/www.sincomam.org.br\/index.php\/wp-json\/wp\/v2\/media?parent=12461"}],"wp:term":[{"taxonomy":"category","embeddable":true,"href":"https:\/\/www.sincomam.org.br\/index.php\/wp-json\/wp\/v2\/categories?post=12461"},{"taxonomy":"post_tag","embeddable":true,"href":"https:\/\/www.sincomam.org.br\/index.php\/wp-json\/wp\/v2\/tags?post=12461"}],"curies":[{"name":"wp","href":"https:\/\/api.w.org\/{rel}","templated":true}]}}