{"id":12406,"date":"2015-05-22T10:33:43","date_gmt":"2015-05-22T13:33:43","guid":{"rendered":"http:\/\/www.sincomam.org.br\/?p=12406"},"modified":"2015-05-22T10:33:43","modified_gmt":"2015-05-22T13:33:43","slug":"fundos-de-pensao-de-oito-paises-processam-petrobras-nos-eua","status":"publish","type":"post","link":"https:\/\/www.sincomam.org.br\/index.php\/fundos-de-pensao-de-oito-paises-processam-petrobras-nos-eua\/","title":{"rendered":"Fundos de pens\u00e3o de oito pa\u00edses processam Petrobras nos EUA"},"content":{"rendered":"<p><strong><em>A\u00e7\u00e3o pede indeniza\u00e7\u00e3o por perdas causadas por corrup\u00e7\u00e3o na petrol\u00edfera<\/p>\n<p><\/em><\/strong>A Petrobras \u00e9 alvo de mais uma a\u00e7\u00e3o na Corte de Nova York. Desta vez, a a\u00e7\u00e3o \u00e9 liderada pela gestora de investimentos Aberdeen e re\u00fane fundos de oito pa\u00edses, incluindo Canad\u00e1 e Estados Unidos, entre outros, que pedem indeniza\u00e7\u00e3o por perdas. No documento, os fundos alegam ter tido preju\u00edzos bilion\u00e1rios decorrentes dos esc\u00e2ndalos de corrup\u00e7\u00e3o investigados no \u00e2mbito da Opera\u00e7\u00e3o Lava-Jato.<\/p>\n<p>Est\u00e3o inclu\u00eddos no processo diversas subsidi\u00e1rias da gestora, al\u00e9m do fundo de pens\u00e3o dos professores de Alberta, no Canad\u00e1, entre outros.<\/p>\n<p>Na a\u00e7\u00e3o, os fundos argumentam que a companhia teria emitido informa\u00e7\u00f5es falsas no balan\u00e7o. A Petrobras \u00e9 a \u00fanica r\u00e9, mas o texto cita diversos executivos, como os ex-presidentes da estatal, Maria das Gra\u00e7as Foster e Jos\u00e9 S\u00e9rgio Gabrielli. O texto lembra que Gra\u00e7a Foster insistiu que a empresa era l\u00edder em governan\u00e7a e transpar\u00eancia.<\/p>\n<p>A alega\u00e7\u00e3o dos fundos \u00e9 que compraram pap\u00e9is da petroleira na Bolsa de Valores de Nova York e tiveram perdas porque a companhia omitiu o esquema de pagamento de propinas montado com construtoras para inflar os custos dos contratos.<\/p>\n<p>O documento cita os resultados da empresa, divulgados com atraso, do terceiro e do quarto trimestre do ano passado. Em 2014, a empresa registrou preju\u00edzo de R$ 21,5 bilh\u00f5es. A estatal divulgou perdas de R$ 6,2 bilh\u00f5es em corrup\u00e7\u00e3o. Outros R$ 44,5 bilh\u00f5es foram registrados como perdas ap\u00f3s a revis\u00e3o dos ativos.<\/p>\n<p>Fonte: O Globo<\/p>\n","protected":false},"excerpt":{"rendered":"<p>A\u00e7\u00e3o pede indeniza\u00e7\u00e3o por perdas causadas por corrup\u00e7\u00e3o na petrol\u00edfera A Petrobras \u00e9 alvo de mais uma a\u00e7\u00e3o na Corte de Nova York. Desta vez,&#8230;<\/p>\n","protected":false},"author":1182,"featured_media":10832,"comment_status":"closed","ping_status":"closed","sticky":false,"template":"","format":"standard","meta":{"footnotes":""},"categories":[6],"tags":[],"class_list":["post-12406","post","type-post","status-publish","format-standard","has-post-thumbnail","hentry","category-noticias"],"_links":{"self":[{"href":"https:\/\/www.sincomam.org.br\/index.php\/wp-json\/wp\/v2\/posts\/12406","targetHints":{"allow":["GET"]}}],"collection":[{"href":"https:\/\/www.sincomam.org.br\/index.php\/wp-json\/wp\/v2\/posts"}],"about":[{"href":"https:\/\/www.sincomam.org.br\/index.php\/wp-json\/wp\/v2\/types\/post"}],"author":[{"embeddable":true,"href":"https:\/\/www.sincomam.org.br\/index.php\/wp-json\/wp\/v2\/users\/1182"}],"replies":[{"embeddable":true,"href":"https:\/\/www.sincomam.org.br\/index.php\/wp-json\/wp\/v2\/comments?post=12406"}],"version-history":[{"count":1,"href":"https:\/\/www.sincomam.org.br\/index.php\/wp-json\/wp\/v2\/posts\/12406\/revisions"}],"predecessor-version":[{"id":12407,"href":"https:\/\/www.sincomam.org.br\/index.php\/wp-json\/wp\/v2\/posts\/12406\/revisions\/12407"}],"wp:featuredmedia":[{"embeddable":true,"href":"https:\/\/www.sincomam.org.br\/index.php\/wp-json\/wp\/v2\/media\/10832"}],"wp:attachment":[{"href":"https:\/\/www.sincomam.org.br\/index.php\/wp-json\/wp\/v2\/media?parent=12406"}],"wp:term":[{"taxonomy":"category","embeddable":true,"href":"https:\/\/www.sincomam.org.br\/index.php\/wp-json\/wp\/v2\/categories?post=12406"},{"taxonomy":"post_tag","embeddable":true,"href":"https:\/\/www.sincomam.org.br\/index.php\/wp-json\/wp\/v2\/tags?post=12406"}],"curies":[{"name":"wp","href":"https:\/\/api.w.org\/{rel}","templated":true}]}}