{"id":12404,"date":"2015-05-22T10:15:40","date_gmt":"2015-05-22T13:15:40","guid":{"rendered":"http:\/\/www.sincomam.org.br\/?p=12404"},"modified":"2015-05-22T10:15:40","modified_gmt":"2015-05-22T13:15:40","slug":"frente-parlamentar-de-portos-hidrovias-e-navegacao-sera-lancada-em-brasilia","status":"publish","type":"post","link":"https:\/\/www.sincomam.org.br\/index.php\/frente-parlamentar-de-portos-hidrovias-e-navegacao-sera-lancada-em-brasilia\/","title":{"rendered":"Frente parlamentar de portos, hidrovias e navega\u00e7\u00e3o ser\u00e1 lan\u00e7ada em Bras\u00edlia"},"content":{"rendered":"<p>A Federa\u00e7\u00e3o Nacional das Empresas de Navega\u00e7\u00e3o Aquavi\u00e1ria (Fenavega) realiza amanh\u00e3 (27), na Confedera\u00e7\u00e3o Nacional do Transporte (CNT), em Bras\u00edlia, reuni\u00e3o para debater a retomada da navega\u00e7\u00e3o na Hidrovia Tiet\u00ea-Paran\u00e1. Al\u00e9m da Fenavega, participam a C\u00e2mara Interamericana de Transportes (CIT), a CNT, o Sindicato dos Armadores do Estado de S\u00e3o Paulo \u2013 Sindasp, o Sindicato Nacional das Empresas de Navega\u00e7\u00e3o Mar\u00edtima (Syndarma), o Sindicato das Empresas de Navega\u00e7\u00e3o do Estado do Amazonas (Sindarma), o Sindicato das Empresas de Navega\u00e7\u00e3o do Estado do Par\u00e1 (Sindarpa), o Sindicato das Empresas de Navega\u00e7\u00e3o do Estado de Rond\u00f4nia (Sindfluvial), o Sindicato das Empresas de Navega\u00e7\u00e3o dos Estados do Rio Grande do Sul, Santa Catarina, Paran\u00e1 e Mato Grosso do Sul (Sindarsul) e o Sindicato Nacional das Empresas de Navega\u00e7\u00e3o de Tr\u00e1fego Portu\u00e1rio (Sindiporto Brasil).<\/p>\n<p>A reuni\u00e3o \u00e9 consequ\u00eancia da ocorrida em Barra Bonita (SP) no dia 29 de abril, com o prop\u00f3sito de resgatar a atividade econ\u00f4mica, que se encontra paralisada h\u00e1 mais de um ano.<\/p>\n<p>Durante o evento, ser\u00e1 lan\u00e7ada a Frente Parlamentar em Defesa dos Portos, Hidrovias e Navega\u00e7\u00e3o do Brasil, presidida pelo deputado federal Marcos Rog\u00e9rio (PDT\/Rond\u00f4nia), que conta com 216 parlamentares confirmados.<\/p>\n<p>Fonte: Portos e Navios<\/p>\n","protected":false},"excerpt":{"rendered":"<p>A Federa\u00e7\u00e3o Nacional das Empresas de Navega\u00e7\u00e3o Aquavi\u00e1ria (Fenavega) realiza amanh\u00e3 (27), na Confedera\u00e7\u00e3o Nacional do Transporte (CNT), em Bras\u00edlia, reuni\u00e3o para debater a retomada&#8230;<\/p>\n","protected":false},"author":1182,"featured_media":0,"comment_status":"closed","ping_status":"closed","sticky":false,"template":"","format":"standard","meta":{"footnotes":""},"categories":[6],"tags":[],"class_list":["post-12404","post","type-post","status-publish","format-standard","hentry","category-noticias"],"_links":{"self":[{"href":"https:\/\/www.sincomam.org.br\/index.php\/wp-json\/wp\/v2\/posts\/12404","targetHints":{"allow":["GET"]}}],"collection":[{"href":"https:\/\/www.sincomam.org.br\/index.php\/wp-json\/wp\/v2\/posts"}],"about":[{"href":"https:\/\/www.sincomam.org.br\/index.php\/wp-json\/wp\/v2\/types\/post"}],"author":[{"embeddable":true,"href":"https:\/\/www.sincomam.org.br\/index.php\/wp-json\/wp\/v2\/users\/1182"}],"replies":[{"embeddable":true,"href":"https:\/\/www.sincomam.org.br\/index.php\/wp-json\/wp\/v2\/comments?post=12404"}],"version-history":[{"count":1,"href":"https:\/\/www.sincomam.org.br\/index.php\/wp-json\/wp\/v2\/posts\/12404\/revisions"}],"predecessor-version":[{"id":12405,"href":"https:\/\/www.sincomam.org.br\/index.php\/wp-json\/wp\/v2\/posts\/12404\/revisions\/12405"}],"wp:attachment":[{"href":"https:\/\/www.sincomam.org.br\/index.php\/wp-json\/wp\/v2\/media?parent=12404"}],"wp:term":[{"taxonomy":"category","embeddable":true,"href":"https:\/\/www.sincomam.org.br\/index.php\/wp-json\/wp\/v2\/categories?post=12404"},{"taxonomy":"post_tag","embeddable":true,"href":"https:\/\/www.sincomam.org.br\/index.php\/wp-json\/wp\/v2\/tags?post=12404"}],"curies":[{"name":"wp","href":"https:\/\/api.w.org\/{rel}","templated":true}]}}