{"id":12398,"date":"2015-05-22T09:56:02","date_gmt":"2015-05-22T12:56:02","guid":{"rendered":"http:\/\/www.sincomam.org.br\/?p=12398"},"modified":"2015-05-22T09:56:02","modified_gmt":"2015-05-22T12:56:02","slug":"engenheiros-da-seppr-visitam-obra-de-modernizacao-do-porto-novo","status":"publish","type":"post","link":"https:\/\/www.sincomam.org.br\/index.php\/engenheiros-da-seppr-visitam-obra-de-modernizacao-do-porto-novo\/","title":{"rendered":"Engenheiros da SEP\/PR visitam obra de moderniza\u00e7\u00e3o do Porto Novo"},"content":{"rendered":"<p>A Secretaria dos Portos da Presid\u00eancia da Rep\u00fablica (SEP\/PR) realizou uma visita \u00e0 Superintend\u00eancia do Porto do Rio Grande (Suprg), com a finalidade de conversar com a nova administra\u00e7\u00e3o\u00a0 e, ao mesmo tempo, tratar sobre recursos para a conclus\u00e3o de 375 metros de cais da obra de moderniza\u00e7\u00e3o do Porto Novo, at\u00e9 o final do ano.<\/p>\n<p>A comitiva da SEP estava constitu\u00edda dos engenheiros Alber Furtado de Vasconcelos Neto, diretor de obras e servi\u00e7os, e Leandro Vargas, coordenador-geral de obras e servi\u00e7os, e foi recepcionada pelo superintendente da Suprg, Janir de Souza Branco, e pelo diretor t\u00e9cnico Darci Ant\u00f4nio Tartari.<\/p>\n<p>No primeiro dia de visitas, as reuni\u00f5es se deram no \u00e2mbito dos dois \u00f3rg\u00e3os governamentais e, no segundo dia, houve visita \u00e0 obra que est\u00e1 sendo executada pela Cejen Engenharia. A comitiva da SEP, acompanhada por integrantes da administra\u00e7\u00e3o da Suprg, percorreu o canteiro de trabalho e, logo ap\u00f3s, foi realizada uma reuni\u00e3o de trabalho entre os tr\u00eas atores no processo de moderniza\u00e7\u00e3o do cais.<\/p>\n<p>A obra em execu\u00e7\u00e3o compreende a revitaliza\u00e7\u00e3o do Cais P\u00fablico do Porto Novo, em uma extens\u00e3o de 1.125 metros, or\u00e7ada em R$ 96,7 milh\u00f5es, com o aumento da capacidade de movimenta\u00e7\u00e3o de cargas atrav\u00e9s do alargamento da \u00e1rea de atraca\u00e7\u00e3o das embarca\u00e7\u00f5es, propiciando assim uma maior agilidade nos processos de carga e descarga das mesmas.<\/p>\n<p>No momento, esta \u00e9 a maior e mais importante obra que est\u00e1 sendo realizada no Porto do Rio Grande e sua conclus\u00e3o definitiva dever\u00e1 acontecer em 2016.\u00a0<\/p>\n<p>Fonte: Jornal Agora (RS)<\/p>\n","protected":false},"excerpt":{"rendered":"<p>A Secretaria dos Portos da Presid\u00eancia da Rep\u00fablica (SEP\/PR) realizou uma visita \u00e0 Superintend\u00eancia do Porto do Rio Grande (Suprg), com a finalidade de conversar&#8230;<\/p>\n","protected":false},"author":1182,"featured_media":0,"comment_status":"closed","ping_status":"closed","sticky":false,"template":"","format":"standard","meta":{"footnotes":""},"categories":[6],"tags":[],"class_list":["post-12398","post","type-post","status-publish","format-standard","hentry","category-noticias"],"_links":{"self":[{"href":"https:\/\/www.sincomam.org.br\/index.php\/wp-json\/wp\/v2\/posts\/12398","targetHints":{"allow":["GET"]}}],"collection":[{"href":"https:\/\/www.sincomam.org.br\/index.php\/wp-json\/wp\/v2\/posts"}],"about":[{"href":"https:\/\/www.sincomam.org.br\/index.php\/wp-json\/wp\/v2\/types\/post"}],"author":[{"embeddable":true,"href":"https:\/\/www.sincomam.org.br\/index.php\/wp-json\/wp\/v2\/users\/1182"}],"replies":[{"embeddable":true,"href":"https:\/\/www.sincomam.org.br\/index.php\/wp-json\/wp\/v2\/comments?post=12398"}],"version-history":[{"count":1,"href":"https:\/\/www.sincomam.org.br\/index.php\/wp-json\/wp\/v2\/posts\/12398\/revisions"}],"predecessor-version":[{"id":12399,"href":"https:\/\/www.sincomam.org.br\/index.php\/wp-json\/wp\/v2\/posts\/12398\/revisions\/12399"}],"wp:attachment":[{"href":"https:\/\/www.sincomam.org.br\/index.php\/wp-json\/wp\/v2\/media?parent=12398"}],"wp:term":[{"taxonomy":"category","embeddable":true,"href":"https:\/\/www.sincomam.org.br\/index.php\/wp-json\/wp\/v2\/categories?post=12398"},{"taxonomy":"post_tag","embeddable":true,"href":"https:\/\/www.sincomam.org.br\/index.php\/wp-json\/wp\/v2\/tags?post=12398"}],"curies":[{"name":"wp","href":"https:\/\/api.w.org\/{rel}","templated":true}]}}