{"id":12392,"date":"2015-05-22T09:24:56","date_gmt":"2015-05-22T12:24:56","guid":{"rendered":"http:\/\/www.sincomam.org.br\/?p=12392"},"modified":"2015-05-22T09:24:56","modified_gmt":"2015-05-22T12:24:56","slug":"tecon-salvador-registra-alta-de-25-nas-importacoes","status":"publish","type":"post","link":"https:\/\/www.sincomam.org.br\/index.php\/tecon-salvador-registra-alta-de-25-nas-importacoes\/","title":{"rendered":"Tecon Salvador registra alta de 25% nas importa\u00e7\u00f5es"},"content":{"rendered":"<p><span>Na contram\u00e3o dos demais portos brasileiros, no m\u00eas de abril o Terminal de Cont\u00eaineres de Salvador \u2013 operado pela Wilson Sons \u2013 registrou um crescimento de mais de 25% no volume de importa\u00e7\u00f5es, em compara\u00e7\u00e3o com o mesmo per\u00edodo de 2014. Esse foi um reflexo, principalmente, dos investimentos em projetos de energia e\u00f3lica em curso na Bahia, que exigem importa\u00e7\u00f5es de pe\u00e7as para montagem da linha de produ\u00e7\u00e3o.<\/span><\/p>\n<p><span>No \u00faltimo m\u00eas, 5 mil TEUs foram movimentados pelo terminal entre cargas dos segmentos qu\u00edmico e petroqu\u00edmico (764 TEUs); sider\u00fargico\u00a0e\u00a0metal\u00fargico\u00a0(433 TEUs) e eletr\u00f4nico (408 TEUs). China e Estados Unidos foram os principais pa\u00edses de origem das cargas.<\/span><\/p>\n<p><span>J\u00e1 o crescimento expressivo de 166% em abril da importa\u00e7\u00e3o de pe\u00e7as e equipamentos foi impulsionado pelos projetos e\u00f3licos e automotivos. Segundo a\u00a0Secretaria de Desenvolvimento\u00a0Econ\u00f4mico do Governo do Estado, a\u00a0Bahia recebeu cerca de R$ 4 bilh\u00f5es de investimentos\u00a0em empreendimentos\u00a0e\u00f3licos\u00a0entre 2009 e 2014, e a previs\u00e3o \u00e9 de que\u00a0outros\u00a0R$ 5 bilh\u00f5es sejam investidos no setor\u00a0at\u00e9 2016.<\/p>\n<p><\/span>Fonte: Reda\u00e7\u00e3o SINCOMAM<\/p>\n","protected":false},"excerpt":{"rendered":"<p>Na contram\u00e3o dos demais portos brasileiros, no m\u00eas de abril o Terminal de Cont\u00eaineres de Salvador \u2013 operado pela Wilson Sons \u2013 registrou um crescimento&#8230;<\/p>\n","protected":false},"author":1182,"featured_media":11166,"comment_status":"closed","ping_status":"closed","sticky":false,"template":"","format":"standard","meta":{"footnotes":""},"categories":[6],"tags":[237,847,429],"class_list":["post-12392","post","type-post","status-publish","format-standard","has-post-thumbnail","hentry","category-noticias","tag-movimentacao","tag-salvador","tag-tecon"],"_links":{"self":[{"href":"https:\/\/www.sincomam.org.br\/index.php\/wp-json\/wp\/v2\/posts\/12392","targetHints":{"allow":["GET"]}}],"collection":[{"href":"https:\/\/www.sincomam.org.br\/index.php\/wp-json\/wp\/v2\/posts"}],"about":[{"href":"https:\/\/www.sincomam.org.br\/index.php\/wp-json\/wp\/v2\/types\/post"}],"author":[{"embeddable":true,"href":"https:\/\/www.sincomam.org.br\/index.php\/wp-json\/wp\/v2\/users\/1182"}],"replies":[{"embeddable":true,"href":"https:\/\/www.sincomam.org.br\/index.php\/wp-json\/wp\/v2\/comments?post=12392"}],"version-history":[{"count":1,"href":"https:\/\/www.sincomam.org.br\/index.php\/wp-json\/wp\/v2\/posts\/12392\/revisions"}],"predecessor-version":[{"id":12393,"href":"https:\/\/www.sincomam.org.br\/index.php\/wp-json\/wp\/v2\/posts\/12392\/revisions\/12393"}],"wp:featuredmedia":[{"embeddable":true,"href":"https:\/\/www.sincomam.org.br\/index.php\/wp-json\/wp\/v2\/media\/11166"}],"wp:attachment":[{"href":"https:\/\/www.sincomam.org.br\/index.php\/wp-json\/wp\/v2\/media?parent=12392"}],"wp:term":[{"taxonomy":"category","embeddable":true,"href":"https:\/\/www.sincomam.org.br\/index.php\/wp-json\/wp\/v2\/categories?post=12392"},{"taxonomy":"post_tag","embeddable":true,"href":"https:\/\/www.sincomam.org.br\/index.php\/wp-json\/wp\/v2\/tags?post=12392"}],"curies":[{"name":"wp","href":"https:\/\/api.w.org\/{rel}","templated":true}]}}