{"id":12323,"date":"2015-05-21T09:31:16","date_gmt":"2015-05-21T12:31:16","guid":{"rendered":"http:\/\/www.sincomam.org.br\/?p=12323"},"modified":"2015-05-21T09:34:00","modified_gmt":"2015-05-21T12:34:00","slug":"comandante-da-marinha-do-brasil-fala-sobre-os-novos-projetos","status":"publish","type":"post","link":"https:\/\/www.sincomam.org.br\/index.php\/comandante-da-marinha-do-brasil-fala-sobre-os-novos-projetos\/","title":{"rendered":"Comandante da Marinha do Brasil fala sobre os novos projetos"},"content":{"rendered":"<p><strong><strong><em>Com mais de 40 anos de carreira, o Almirante-de-Esquadra Eduardo Barcellar Leal Ferreira, j\u00e1 recebeu diversas condecora\u00e7\u00f5es e desempenhou importantes fun\u00e7\u00f5es de lideran\u00e7a<\/p>\n<p><\/em><\/strong><\/strong>Em cerim\u00f4nia, realizada no Grupamento de Fuzileiros Navais de Bras\u00edlia, o Almirante-de-Esquadra Eduardo Barcellar Leal Ferreira assumiu o Comando da Marinha do Brasil (MB).<\/p>\n<p>O evento contou com a participa\u00e7\u00e3o de diversas autoridades nacionais e internacionais, al\u00e9m da presen\u00e7a do Ministro da Defesa Jaques Wagner, dos Ministros de Estado, Ministros do Supremo Tribunal Federal, membros do Alto-Comando, do antigo Comandante da Marinha, Almirante Moura Neto, entre outros convidados.<\/p>\n<p>Durante a leitura da Ordem do Dia, o Comandante Leal Ferreira ressaltou que n\u00e3o far\u00e1 mudan\u00e7as de imediato. \u201cAssumo o tim\u00e3o encontrando uma Marinha organizada, com rumos bem tra\u00e7ados. N\u00e3o h\u00e1 necessidade, e este \u00e9 o momento de asseverar-lhes, de mudan\u00e7as no regime de m\u00e1quinas ou guinadas fortes. Assim, permanecem em vigor todas as ordens emanadas de meu antecessor!\u201d, disse.<\/p>\n<p>Com 44 anos de carreira militar, Leal Ferreira ir\u00e1 chefiar uma For\u00e7a que possui aproximadamente 78 mil servidores entre militares e civis, sendo 13% de mulheres. Em seu discurso, o comandante reafirmou o compromisso de zelar pelo legado de valores e tradi\u00e7\u00e3o que a Marinha preserva ao longo de sua hist\u00f3ria<\/p>\n<p>Leal Ferreira, que permaneceu embarcado por mais de 16 anos e acumulou cerca de 1.300 dias de mar, toma posse de um dos mais importantes postos da Marinha. Ele substitui o Almirante-de-Esquadra Julio Soares de Moura Neto, que conseguiu ao decorrer de sua gest\u00e3o (per\u00edodo de 2007 a 2014) realizar diversos projetos de obten\u00e7\u00e3o de navios, submarinos e moderniza\u00e7\u00e3o de equipamentos, visando aprimorar os trabalhos desenvolvidos pela Marinha brasileira.<\/p>\n<p>Em entrevista exclusiva concedida ao SINCOMAM, o novo Comandante da Marinha revela os desafios que ter\u00e1 nos pr\u00f3ximos anos e os projetos que ser\u00e3o priorizados j\u00e1 em 2015.<\/p>\n<p><strong>Revista SINCOMAM \u2013 Como foi constru\u00edda a trajet\u00f3ria do Comandante Leal Ferreira, de 62 anos?<br \/><\/strong><strong>Almirante-de-Esquadra Eduardo Barcellar Leal Ferreira \u2013 <\/strong>Eu nasci em 2 de junho de 1952, sou natural do Rio de Janeiro e ingressei na carreira militar em 1971. Fui declarado Guarda-Marinha em 1974, tendo sido o primeiro colocado no curso de forma\u00e7\u00e3o na Escola Naval.<\/p>\n<p>Em meus mais de 40 anos de carreira, tive a oportunidade de ser instrutor na Academia Naval de An\u00e1polis, dos Estados Unidos da Am\u00e9rica, e realizar um Curso de Altos Estudos Militares na Academia de Guerra Naval do Chile.<\/p>\n<p>Al\u00e9m disso, tive a honra de receber diversas condecora\u00e7\u00f5es e desempenhei fun\u00e7\u00f5es que me trouxeram muitas realiza\u00e7\u00f5es profissionais e pessoais, como por exemplo: Comandante do Aviso de Instru\u00e7\u00e3o \u201cAspirante Nascimento\u201d; Comandante da Corveta \u201cFrontin\u201d; Comandante da Fragata \u201cBos\u00edsio\u201d; Comandante do 2\u00ba Esquadr\u00e3o de Escolta; Capit\u00e3o dos Portos do Rio de Janeiro; Comandante do Centro de Instru\u00e7\u00e3o Almirante Alexandrino; Comandante da Escola Naval; Comandante do 7\u00ba Distrito Naval; Diretor de Portos e Costas; e Comandante-em-Chefe da Esquadra.<\/p>\n<p>O \u00faltimo cargo que ocupei foi o de Comandante da Escola Superior de Guerra. Fui promovido ao primeiro posto de Almirante em mar\u00e7o de 2004 e ao de Almirante-de-Esquadra em mar\u00e7o de 2013. Ap\u00f3s toda essa rica e inesquec\u00edvel experi\u00eancia profissional, \u00e9 muito gratificante ser escolhido para comandar a Marinha do Brasil.<\/p>\n<p><strong>R.S. &#8211; Quais s\u00e3o as responsabilidades de um Comandante da For\u00e7a Naval?<br \/><\/strong><strong>Almirante-de-Esquadra Eduardo Barcellar Leal Ferreira \u2013 <\/strong>O Comandante da For\u00e7a tem a responsabilidade de manter a For\u00e7a permanentemente pronta para suas miss\u00f5es com a m\u00e1xima efici\u00eancia.\u00a0<br \/><strong><br \/>R.S. &#8211; A presidenta Dilma Rousseff optou por uma renova\u00e7\u00e3o nas For\u00e7as Amadas. Desta forma, quais s\u00e3o os maiores desafios que o novo Comandante da Marinha ir\u00e1 enfrentar?<br \/><\/strong><strong>Almirante-de-Esquadra Eduardo Barcellar Leal Ferreira \u2013 <\/strong>O mar \u00e9 de extrema import\u00e2ncia para o Brasil. Precisa ser vigiado e protegido em tempo de paz e defendido em caso de conflito. As \u00c1guas Jurisdicionais Brasileiras (AJB), nossa \u201cAmaz\u00f4nia Azul\u201d, tem de 4,5 milh\u00f5es de Km\u00b2. A tarefa de proteg\u00ea-la \u00e9 imensa e complexa, exigindo um Poder Naval moderno, equilibrado, adequadamente aparelhado e balanceado, em quantidade e qualidade.<\/p>\n<p>Nesse contexto, a Marinha do Brasil (MB) viu a necessidade de ampliar a parcela dos recursos or\u00e7ament\u00e1rios destinados ao desenvolvimento de projetos estrat\u00e9gicos, dos quais destaco o Programa de Desenvolvimento de Submarinos (PROSUB) e o Programa Nuclear da Marinha (PNM), que t\u00eam como objetivo maior o projeto e a constru\u00e7\u00e3o do primeiro submarino brasileiro com propuls\u00e3o nuclear. Embora efetuado de forma planejada e progressiva, o aumento dos investimentos vem exigindo significativa redu\u00e7\u00e3o do montante alocado para o funcionamento e a manuten\u00e7\u00e3o operativa da For\u00e7a.<\/p>\n<p>O meu grande desafio, portanto, ser\u00e1 garantir os recursos necess\u00e1rios para manter a opera\u00e7\u00e3o dos nossos meios atuais, com a capacidade que permita desencorajar a\u00e7\u00f5es adversas aos interesses nacionais.<\/p>\n<p><strong>R.S. &#8211; Quanto \u00e0 moderniza\u00e7\u00e3o do porta-avi\u00f5es \u201cS\u00e3o Paulo\u201d \u2013 remodela\u00e7\u00e3o que come\u00e7ou a ser feita ainda no ano passado, pelo Almirante Moura Neto. Como o senhor pretende dar andamento neste projeto?<br \/><\/strong><strong>Almirante-de-Esquadra Eduardo Barcellar Leal Ferreira \u2013 <\/strong>O projeto para a moderniza\u00e7\u00e3o do navio est\u00e1, ainda, em uma fase embrion\u00e1ria, sendo prematuro afirmar o escopo e os custos envolvidos. A moderniza\u00e7\u00e3o pretendida para o NAe &#8220;S\u00e3o Paulo&#8221; tem como premissa b\u00e1sica a garantia da opera\u00e7\u00e3o segura da avia\u00e7\u00e3o naval brasileira embarcada em navio-aer\u00f3dromo. Os estudos at\u00e9 o momento conduzidos identificaram a necessidade da substitui\u00e7\u00e3o de toda a instala\u00e7\u00e3o a vapor. Inicialmente, o novo arranjo consistiria de um sistema integrado de propuls\u00e3o e de gera\u00e7\u00e3o de energia &#8220;diesel-el\u00e9trico&#8221;, o que implicaria na substitui\u00e7\u00e3o das turbinas a vapor por motores el\u00e9tricos de propuls\u00e3o.<\/p>\n<p><strong>R.S. &#8211; O que significa o Prosuper para a gera\u00e7\u00e3o de empregos diretos no Brasil?<br \/><\/strong><strong>Almirante-de-Esquadra Eduardo Barcellar Leal Ferreira \u2013 <\/strong>O Programa de Obten\u00e7\u00e3o de Meios de Superf\u00edcie (PROSUPER) contempla cinco Navios-Patrulha de 1.800 ton, cinco Escoltas de cerca de 6 mil ton e um Navio de Apoio Log\u00edstico com cerca de 12 mil ton. O modelo estrat\u00e9gico concebido pela MB prev\u00ea a constru\u00e7\u00e3o desses meios a partir de classes de navios j\u00e1 existentes e testados que, ap\u00f3s adaptados para atender aos requisitos da For\u00e7a, sejam produzidos no Brasil.<\/p>\n<p>Al\u00e9m da cria\u00e7\u00e3o de empregos (350 diretos e 1.400 indiretos, por navio constru\u00eddo) o Programa inclui transfer\u00eancia de tecnologia, requisitos de nacionaliza\u00e7\u00e3o e outras compensa\u00e7\u00f5es, trazendo benef\u00edcios significativos para o desenvolvimento da nossa base industrial de defesa.<\/p>\n<p><strong>R.S. &#8211; A Marinha vem realizando treinamento de seguran\u00e7a para grandes no Brasil, como as Olimp\u00edadas em 2016. Desta forma, quais medidas o senhor pretende tomar para garantir a seguran\u00e7a nos mares, rios e lagos brasileiros?<br \/><\/strong><strong>Almirante-de-Esquadra Eduardo Barcellar Leal Ferreira \u2013 <\/strong>Para os Jogos Ol\u00edmpicos e Paraol\u00edmpicos Rio 2016, o planejamento estrat\u00e9gico de Defesa prev\u00ea a participa\u00e7\u00e3o efetiva de diversos \u00f3rg\u00e3os dentre os quais podemos destacar os Minist\u00e9rios da Defesa e da Justi\u00e7a, o Gabinete de Seguran\u00e7a Institucional da Presid\u00eancia da Rep\u00fablica e \u00f3rg\u00e3os de Seguran\u00e7a P\u00fablica de governos estaduais e municipais. Trata-se, portanto, de uma opera\u00e7\u00e3o interag\u00eancias, em que as For\u00e7as Armadas atuar\u00e3o sob a coordena\u00e7\u00e3o do Minist\u00e9rio da Defesa em coopera\u00e7\u00e3o com esses \u00f3rg\u00e3os.<\/p>\n<p>O planejamento da MB para o emprego dos meios navais, aeronavais e de Fuzileiros Navais para grandes eventos foi recentemente implementado durante a realiza\u00e7\u00e3o da Copa do Mundo FIFA 2014. Em que pese a efic\u00e1cia da For\u00e7a Naval ter sido considerada satisfat\u00f3ria durante esses eventos, aperfei\u00e7oamentos ser\u00e3o implementados para os Jogos Ol\u00edmpicos.<\/p>\n<p>Todavia, as a\u00e7\u00f5es da MB n\u00e3o se restringem aos grandes eventos, ocorrem diuturnamente com o cumprimento de diversas tarefas, das quais posso exemplificar: a salvaguarda da vida humana no mar, por meio da opera\u00e7\u00e3o ininterrupta do Servi\u00e7o de Busca e Salvamento Mar\u00edtimo (SALVAMAR Brasil); o controle do tr\u00e1fego aquavi\u00e1rio, monitorando a movimenta\u00e7\u00e3o de todas as embarca\u00e7\u00f5es que navegam nas \u00e1guas jurisdicionais brasileiras; e a preven\u00e7\u00e3o da polui\u00e7\u00e3o h\u00eddrica.<\/p>\n<p>Portanto, durante a realiza\u00e7\u00e3o das Olimp\u00edadas, a MB garantir\u00e1 a seguran\u00e7a, com o emprego de seus meios, intensificando as patrulhas navais e outras a\u00e7\u00f5es rotineiras que sejam necess\u00e1rias, em locais previamente identificados.<\/p>\n<p><strong>R.S. \u2013 Ainda em 2015, quais s\u00e3o os projetos que o Poder Naval ir\u00e1 priorizar?<br \/><\/strong><strong>Almirante-de-Esquadra Eduardo Barcellar Leal Ferreira \u2013 <\/strong>A Estrat\u00e9gia Nacional de Defesa (END) ressalta a condu\u00e7\u00e3o das seguintes atividades: a) A defesa das plataformas petrol\u00edferas; b) A defesa das instala\u00e7\u00f5es navais e portu\u00e1rias, dos arquip\u00e9lagos e das ilhas oce\u00e2nicas nas \u00e1guas jurisdicionais brasileiras; c) A prontid\u00e3o para responder a qualquer amea\u00e7a, por Estado ou por for\u00e7as n\u00e3o-convencionais ou criminosas, \u00e0s vias mar\u00edtimas de com\u00e9rcio; e d) A capacidade de participar de opera\u00e7\u00f5es internacionais de paz, fora do territ\u00f3rio e das AJB, sob a \u00e9gide das Na\u00e7\u00f5es Unidas ou de organismos multilaterais da regi\u00e3o.<\/p>\n<p>Assim, para manter um Poder Naval apto a cumprir as tarefas que lhe s\u00e3o atribu\u00eddas, respeitando as diretrizes emanadas pelo Poder Pol\u00edtico e as aspira\u00e7\u00f5es da sociedade brasileira, foram estabelecidos sete Projetos Estrat\u00e9gicos que constituem as prioridades da MB para os pr\u00f3ximos anos: a Recupera\u00e7\u00e3o da Capacidade Operacional (RCO); o Programa Nuclear da Marinha (PNM); a Constru\u00e7\u00e3o do N\u00facleo do Poder Naval; o Complexo Naval da 2\u00aa Esquadra e da 2\u00aa FFE; o Pessoal &#8211; \u201cNosso Maior Patrim\u00f4nio\u201d; a Seguran\u00e7a da Navega\u00e7\u00e3o; e o Sistema de Gerenciamento da \u201cAmaz\u00f4nia Azul\u201d.<br \/><strong><br \/>R.S. &#8211; O que os brasileiros podem esperar do novo mandato do Comandante da Marinha?<br \/><\/strong><strong>Almirante-de-Esquadra Eduardo Barcellar Leal Ferreira \u2013 <\/strong>Espero contribuir para que a Marinha seja, cada vez mais, uma For\u00e7a moderna, equilibrada e balanceada, que disponha de meios navais, aeronavais e de fuzileiros navais compat\u00edveis com a posi\u00e7\u00e3o e aspira\u00e7\u00f5es do nosso Pa\u00eds no cen\u00e1rio internacional e, em sintonia com os anseios da sociedade brasileira, estando permanentemente pronta para atuar em nossa \u201cAmaz\u00f4nia Azul\u201d, assegurando os interesses do Brasil.<\/p>\n<p>Assim, empenharei meus esfor\u00e7os para que a MB mantenha seus meios e efetivos, nas melhores condi\u00e7\u00f5es poss\u00edveis, por meio do cont\u00ednuo aperfei\u00e7oamento da qualidade da instru\u00e7\u00e3o nas Escolas de Forma\u00e7\u00e3o; pelo adestramento intensivo do pessoal que guarnece os meios operativos; e pelo atendimento das fun\u00e7\u00f5es log\u00edsticas, particularmente, as relativas aos sistemas de armas, com o prop\u00f3sito de elevar as condi\u00e7\u00f5es de pronto emprego dos meios operativos ora existentes e preparar a For\u00e7a para manter os equipamentos que ser\u00e3o incorporados com a execu\u00e7\u00e3o dos projetos estrat\u00e9gicos concebidos. Isso requer dedica\u00e7\u00e3o especial na sua atua\u00e7\u00e3o em \u00e1guas litor\u00e2neas e interiores, para a seguran\u00e7a do tr\u00e1fego aquavi\u00e1ria, a preven\u00e7\u00e3o da polui\u00e7\u00e3o h\u00eddrica e a salvaguarda da vida humana no mar.<\/p>\n<p>Fonte: Margarida Putti \/ SINCOMAM<\/p>\n","protected":false},"excerpt":{"rendered":"<p>Com mais de 40 anos de carreira, o Almirante-de-Esquadra Eduardo Barcellar Leal Ferreira, j\u00e1 recebeu diversas condecora\u00e7\u00f5es e desempenhou importantes fun\u00e7\u00f5es de lideran\u00e7a Em cerim\u00f4nia,&#8230;<\/p>\n","protected":false},"author":1182,"featured_media":12325,"comment_status":"closed","ping_status":"closed","sticky":false,"template":"","format":"standard","meta":{"footnotes":""},"categories":[1],"tags":[1020,61,1168,1770,1423,894,15,67,117,69,789,1771],"class_list":["post-12323","post","type-post","status-publish","format-standard","has-post-thumbnail","hentry","category-sem-categoria","tag-almirante","tag-brasil","tag-comandante","tag-eduardo-barcellar-leal-ferreira","tag-entrevista","tag-forcas-armadas","tag-marinha","tag-naval","tag-navios","tag-portos","tag-projetos","tag-prosuper"],"_links":{"self":[{"href":"https:\/\/www.sincomam.org.br\/index.php\/wp-json\/wp\/v2\/posts\/12323","targetHints":{"allow":["GET"]}}],"collection":[{"href":"https:\/\/www.sincomam.org.br\/index.php\/wp-json\/wp\/v2\/posts"}],"about":[{"href":"https:\/\/www.sincomam.org.br\/index.php\/wp-json\/wp\/v2\/types\/post"}],"author":[{"embeddable":true,"href":"https:\/\/www.sincomam.org.br\/index.php\/wp-json\/wp\/v2\/users\/1182"}],"replies":[{"embeddable":true,"href":"https:\/\/www.sincomam.org.br\/index.php\/wp-json\/wp\/v2\/comments?post=12323"}],"version-history":[{"count":4,"href":"https:\/\/www.sincomam.org.br\/index.php\/wp-json\/wp\/v2\/posts\/12323\/revisions"}],"predecessor-version":[{"id":12329,"href":"https:\/\/www.sincomam.org.br\/index.php\/wp-json\/wp\/v2\/posts\/12323\/revisions\/12329"}],"wp:featuredmedia":[{"embeddable":true,"href":"https:\/\/www.sincomam.org.br\/index.php\/wp-json\/wp\/v2\/media\/12325"}],"wp:attachment":[{"href":"https:\/\/www.sincomam.org.br\/index.php\/wp-json\/wp\/v2\/media?parent=12323"}],"wp:term":[{"taxonomy":"category","embeddable":true,"href":"https:\/\/www.sincomam.org.br\/index.php\/wp-json\/wp\/v2\/categories?post=12323"},{"taxonomy":"post_tag","embeddable":true,"href":"https:\/\/www.sincomam.org.br\/index.php\/wp-json\/wp\/v2\/tags?post=12323"}],"curies":[{"name":"wp","href":"https:\/\/api.w.org\/{rel}","templated":true}]}}