{"id":12294,"date":"2015-05-19T08:36:33","date_gmt":"2015-05-19T11:36:33","guid":{"rendered":"http:\/\/www.sincomam.org.br\/?p=12294"},"modified":"2015-05-18T16:05:08","modified_gmt":"2015-05-18T19:05:08","slug":"inscricoes-para-o-enem-de-2015-estarao-abertas-a-partir-do-dia-25-de-maio","status":"publish","type":"post","link":"https:\/\/www.sincomam.org.br\/index.php\/inscricoes-para-o-enem-de-2015-estarao-abertas-a-partir-do-dia-25-de-maio\/","title":{"rendered":"Inscri\u00e7\u00f5es para o Enem de 2015 estar\u00e3o abertas a partir do dia 25 de maio"},"content":{"rendered":"<p>O edital com as regras do Exame Nacional do Ensino M\u00e9dio (Enem) de 2015 est\u00e1 publicado na edi\u00e7\u00e3o de hoje (18) do Di\u00e1rio Oficial da Uni\u00e3o. A partir das 10h de segunda-feira (25) at\u00e9 o dia 5 de junho, os estudantes poder\u00e3o se inscrever para o exame, pela internet. As provas ser\u00e3o aplicadas nos dias 24 e 25 de outubro. O Minist\u00e9rio da Educa\u00e7\u00e3o (MEC) espera que mais de 9 milh\u00f5es de estudantes se inscrevam no exame deste ano.<\/p>\n<p>A taxa de inscri\u00e7\u00e3o teve reajuste e ser\u00e1 de R$ 63. Desde 2004, o valor pago era R$ 35. Ficam isentos da taxa os estudantes que encerraram o ensino m\u00e9dio na rede p\u00fablica e os que apresentarem declara\u00e7\u00e3o de car\u00eancia socioecon\u00f4mica. Quem n\u00e3o for isento dever\u00e1 pagar a taxa at\u00e9 o dia 10 de junho.<\/p>\n<p>Para esta edi\u00e7\u00e3o do Enem, o MEC anunciou que ser\u00e1 rigoroso com os estudantes isentos que n\u00e3o comparecerem para fazer o exame. Quem n\u00e3o apresentar uma justificativa para a aus\u00eancia ter\u00e1 de pagar pela inscri\u00e7\u00e3o no exame seguinte. O minist\u00e9rio vai definir ainda quais ser\u00e3o as justificativas aceitas.<\/p>\n<p>O edital do Enem detalha como deve ser feita a solicita\u00e7\u00e3o de atendimento especializado \u00e0s pessoas com defici\u00eancias e de atendimento espec\u00edfico como o destinado a lactantes, sabatistas, idosos e pessoas em classe hospitalar.<\/p>\n<p>Neste ano, ser\u00e3o mantidos os crit\u00e9rios de corre\u00e7\u00e3o da reda\u00e7\u00e3o. As provas com inser\u00e7\u00f5es inadequadas ser\u00e3o zeradas.<\/p>\n<p>Os travestis e transexuais poder\u00e3o usar o nome social durante a prova. A solicita\u00e7\u00e3o de uso do nome social dever\u00e1 ser feita pela internet, ap\u00f3s a inscri\u00e7\u00e3o. Antes, era preciso fazer a solicita\u00e7\u00e3o por telefone. Os participantes que desejarem esse atendimento dever\u00e3o enviar c\u00f3pia do documento comprobat\u00f3rio, pelo sistema de inscri\u00e7\u00e3o, entre 15 e 26 de junho.<\/p>\n<p>A partir deste ano, o cart\u00e3o de confirma\u00e7\u00e3o de inscri\u00e7\u00e3o n\u00e3o ser\u00e1 enviado pelos Correios. O cart\u00e3o ficar\u00e1 dispon\u00edvel na p\u00e1gina do Enem na internet. Os locais de prova ser\u00e3o informados no cart\u00e3o de confirma\u00e7\u00e3o da inscri\u00e7\u00e3o e ser\u00e1 de responsabilidade do estudante fazer a verifica\u00e7\u00e3o. O edital do Enem informa que n\u00e3o ser\u00e1 poss\u00edvel usar o mesmo e-mail para mais de uma inscri\u00e7\u00e3o.<\/p>\n<p>A nota do exame pode ser usada para participar de programas como o Sistema de Sele\u00e7\u00e3o Unificada (Sisu), o Programa Universidade para Todos (ProUni) e o Sistema de Sele\u00e7\u00e3o Unificada do Ensino T\u00e9cnico e Profissional (Sisutec). Ela tamb\u00e9m \u00e9 pr\u00e9-requisito para firmar contratos pelo Fundo de Financiamento Estudantil (Fies), obter bolsas de interc\u00e2mbio pelo Programa Ci\u00eancia sem Fronteiras e certifica\u00e7\u00e3o do ensino m\u00e9dio.<\/p>\n<p>Fonte: Ag\u00eancia Brasil<\/p>\n","protected":false},"excerpt":{"rendered":"<p>O edital com as regras do Exame Nacional do Ensino M\u00e9dio (Enem) de 2015 est\u00e1 publicado na edi\u00e7\u00e3o de hoje (18) do Di\u00e1rio Oficial da&#8230;<\/p>\n","protected":false},"author":1182,"featured_media":3546,"comment_status":"closed","ping_status":"closed","sticky":false,"template":"","format":"standard","meta":{"footnotes":""},"categories":[1],"tags":[],"class_list":["post-12294","post","type-post","status-publish","format-standard","has-post-thumbnail","hentry","category-sem-categoria"],"_links":{"self":[{"href":"https:\/\/www.sincomam.org.br\/index.php\/wp-json\/wp\/v2\/posts\/12294","targetHints":{"allow":["GET"]}}],"collection":[{"href":"https:\/\/www.sincomam.org.br\/index.php\/wp-json\/wp\/v2\/posts"}],"about":[{"href":"https:\/\/www.sincomam.org.br\/index.php\/wp-json\/wp\/v2\/types\/post"}],"author":[{"embeddable":true,"href":"https:\/\/www.sincomam.org.br\/index.php\/wp-json\/wp\/v2\/users\/1182"}],"replies":[{"embeddable":true,"href":"https:\/\/www.sincomam.org.br\/index.php\/wp-json\/wp\/v2\/comments?post=12294"}],"version-history":[{"count":1,"href":"https:\/\/www.sincomam.org.br\/index.php\/wp-json\/wp\/v2\/posts\/12294\/revisions"}],"predecessor-version":[{"id":12295,"href":"https:\/\/www.sincomam.org.br\/index.php\/wp-json\/wp\/v2\/posts\/12294\/revisions\/12295"}],"wp:featuredmedia":[{"embeddable":true,"href":"https:\/\/www.sincomam.org.br\/index.php\/wp-json\/wp\/v2\/media\/3546"}],"wp:attachment":[{"href":"https:\/\/www.sincomam.org.br\/index.php\/wp-json\/wp\/v2\/media?parent=12294"}],"wp:term":[{"taxonomy":"category","embeddable":true,"href":"https:\/\/www.sincomam.org.br\/index.php\/wp-json\/wp\/v2\/categories?post=12294"},{"taxonomy":"post_tag","embeddable":true,"href":"https:\/\/www.sincomam.org.br\/index.php\/wp-json\/wp\/v2\/tags?post=12294"}],"curies":[{"name":"wp","href":"https:\/\/api.w.org\/{rel}","templated":true}]}}