{"id":12292,"date":"2015-05-19T08:27:09","date_gmt":"2015-05-19T11:27:09","guid":{"rendered":"http:\/\/www.sincomam.org.br\/?p=12292"},"modified":"2015-05-18T15:36:19","modified_gmt":"2015-05-18T18:36:19","slug":"gas-natural-aumenta-participacao-na-matriz-energetica-nacional","status":"publish","type":"post","link":"https:\/\/www.sincomam.org.br\/index.php\/gas-natural-aumenta-participacao-na-matriz-energetica-nacional\/","title":{"rendered":"G\u00e1s natural aumenta participa\u00e7\u00e3o na matriz energ\u00e9tica nacional"},"content":{"rendered":"<p>\u201cQuando se pensa em um futuro at\u00e9 2050 e considerando que at\u00e9 2030 o cen\u00e1rio para recursos hidrel\u00e9tricos deve estar esgotado, voc\u00ea abre espa\u00e7o para todo tipo de energia, e o g\u00e1s natural \u00e9 uma delas\u201d. A proje\u00e7\u00e3o \u00e9 do coordenador geral do N\u00facleo de Estudos Estrat\u00e9gicos de Energia da Secretaria de Planejamento e Desenvolvimento Energ\u00e9tico (Minist\u00e9rio de Minas e Energia), Jo\u00e3o Ant\u00f4nio Moreira Patusco. Por ser um combust\u00edvel nobre, o g\u00e1s natural est\u00e1 associado a ind\u00fastrias de alto valor agregado e, em tempos de crise h\u00eddrica e elevado pre\u00e7o de energia el\u00e9trica, pode ganhar ainda mais espa\u00e7o na matriz energ\u00e9tica brasileira.<\/p>\n<p>Em boletim divulgado este m\u00eas, a Ag\u00eancia Nacional do Petr\u00f3leo, G\u00e1s Natural e Biocombust\u00edveis (ANP) apontou dados de que a produ\u00e7\u00e3o do insumo teve o melhor aproveitamento j\u00e1 registrado, sendo 96,6% dos 95,4 milh\u00f5es de metros c\u00fabicos produzidos em fevereiro de 2015. A produ\u00e7\u00e3o segue o mesmo ritmo relatado na 94\u00aa edi\u00e7\u00e3o do Boletim Mensal da Ind\u00fastria do G\u00e1s Natural, elaborado pela Secretaria de Petr\u00f3leo, G\u00e1s Natural e Combust\u00edveis Renov\u00e1veis do Minist\u00e9rio de Minas e Energia (MME), que divulgou que o consumo m\u00e9dio de g\u00e1s\u00a0 cresceu 11,6% em 2014.<\/p>\n<p>De acordo com Patusco, o g\u00e1s n\u00e3o dever\u00e1 assumir o protagonismo na matriz energ\u00e9tica nacional, mas ter\u00e1 papel fundamental ao lado de fontes que tamb\u00e9m v\u00eam ganhando espa\u00e7o, como a e\u00f3lica e a solar. \u201cO Brasil sempre teve uma matriz bastante diversificada, com m\u00faltiplos recursos, ent\u00e3o h\u00e1 espa\u00e7o para todas as fontes. Isto fica ainda mais claro quando fazemos uma proje\u00e7\u00e3o \u201d, diz.<\/p>\n<p>Trazendo \u00e0 tona o debate sobre o futuro do g\u00e1s na gera\u00e7\u00e3o de energia el\u00e9trica no Brasil, bem como um panorama de fontes de energia em meio \u00e0 crise h\u00eddrica e at\u00e9 mesmo a possibilidade de cogera\u00e7\u00e3o com seus benef\u00edcios e entraves, Jo\u00e3o Ant\u00f4nio Moreira Patusco participa da palestra \u201cConsumo e Aproveitamento do G\u00e1s\u201d durante a 12\u00aa edi\u00e7\u00e3o do Gas Summit Latin America, semin\u00e1rio que debate a expans\u00e3o e os rumos da ind\u00fastria do g\u00e1s e que acontece entre os dias 8 e 10 de junho, no Hotel Windsor Atl\u00e2ntica, no Rio de Janeiro.<\/p>\n<p>A programa\u00e7\u00e3o completa do semin\u00e1rio Gas Summit Latin America 2015 e inscri\u00e7\u00f5es podem ser feitas no site www.informagroup.com.br\/gassummit.<\/p>\n<p>Fonte:\u00a0Portal Naval<\/p>\n","protected":false},"excerpt":{"rendered":"<p>\u201cQuando se pensa em um futuro at\u00e9 2050 e considerando que at\u00e9 2030 o cen\u00e1rio para recursos hidrel\u00e9tricos deve estar esgotado, voc\u00ea abre espa\u00e7o para&#8230;<\/p>\n","protected":false},"author":1182,"featured_media":0,"comment_status":"closed","ping_status":"closed","sticky":false,"template":"","format":"standard","meta":{"footnotes":""},"categories":[1],"tags":[],"class_list":["post-12292","post","type-post","status-publish","format-standard","hentry","category-sem-categoria"],"_links":{"self":[{"href":"https:\/\/www.sincomam.org.br\/index.php\/wp-json\/wp\/v2\/posts\/12292","targetHints":{"allow":["GET"]}}],"collection":[{"href":"https:\/\/www.sincomam.org.br\/index.php\/wp-json\/wp\/v2\/posts"}],"about":[{"href":"https:\/\/www.sincomam.org.br\/index.php\/wp-json\/wp\/v2\/types\/post"}],"author":[{"embeddable":true,"href":"https:\/\/www.sincomam.org.br\/index.php\/wp-json\/wp\/v2\/users\/1182"}],"replies":[{"embeddable":true,"href":"https:\/\/www.sincomam.org.br\/index.php\/wp-json\/wp\/v2\/comments?post=12292"}],"version-history":[{"count":1,"href":"https:\/\/www.sincomam.org.br\/index.php\/wp-json\/wp\/v2\/posts\/12292\/revisions"}],"predecessor-version":[{"id":12293,"href":"https:\/\/www.sincomam.org.br\/index.php\/wp-json\/wp\/v2\/posts\/12292\/revisions\/12293"}],"wp:attachment":[{"href":"https:\/\/www.sincomam.org.br\/index.php\/wp-json\/wp\/v2\/media?parent=12292"}],"wp:term":[{"taxonomy":"category","embeddable":true,"href":"https:\/\/www.sincomam.org.br\/index.php\/wp-json\/wp\/v2\/categories?post=12292"},{"taxonomy":"post_tag","embeddable":true,"href":"https:\/\/www.sincomam.org.br\/index.php\/wp-json\/wp\/v2\/tags?post=12292"}],"curies":[{"name":"wp","href":"https:\/\/api.w.org\/{rel}","templated":true}]}}