{"id":12278,"date":"2015-05-19T08:11:01","date_gmt":"2015-05-19T11:11:01","guid":{"rendered":"http:\/\/www.sincomam.org.br\/?p=12278"},"modified":"2015-05-18T14:35:42","modified_gmt":"2015-05-18T17:35:42","slug":"desembargadora-volia-bonfim-cassar-terceirizacao-da-atividade-fim-e-prejudicial-ao-trabalhador","status":"publish","type":"post","link":"https:\/\/www.sincomam.org.br\/index.php\/desembargadora-volia-bonfim-cassar-terceirizacao-da-atividade-fim-e-prejudicial-ao-trabalhador\/","title":{"rendered":"Desembargadora V\u00f3lia Bonfim Cassar: terceiriza\u00e7\u00e3o da atividade-fim \u00e9 prejudicial ao trabalhador"},"content":{"rendered":"<div id=\"ecxyui_3_16_0_1_1431946389038_25562\" class=\"\"><span id=\"ecxyui_3_16_0_1_1431946389038_25561\" class=\"\"><span>Resgatar a mem\u00f3ria dos ensinamentos de D\u00e9lio Maranh\u00e3o pode indicar um norte no momento em que direitos trabalhistas s\u00e3o postos em xeque, especialmente no que diz respeito \u00e0 terceiriza\u00e7\u00e3o da atividade-fim. &#8220;A terceiriza\u00e7\u00e3o como prevista no projeto de lei em tramita\u00e7\u00e3o no Congresso em nada beneficia a classe trabalhadora&#8221;, sentenciou a desembargadora V\u00f3lia Bonfim Cassar, que abordou o tema por ser o Direito Material do Trabalho uma das \u00e1reas em que se destacou D\u00e9lio Maranh\u00e3o.<\/span><\/p>\n<p>Na opini\u00e3o da magistrada, os n\u00fameros relativos \u00e0 terceiriza\u00e7\u00e3o da atividade-meio &#8211; j\u00e1 h\u00e1 muito considerada legal pelos tribunais &#8211; evidenciam a precariza\u00e7\u00e3o do trabalho sob esse tipo de contrata\u00e7\u00e3o. Hoje, h\u00e1 quase 13 milh\u00f5es de empregados terceirizados no Brasil, 20% na Administra\u00e7\u00e3o P\u00fablica. De todos os trabalhadores com carteira assinada, 27,3% s\u00e3o terceirizados, 50% dos quais trabalham em empresas com mais de 100 empregados pr\u00f3prios. Em m\u00e9dia, terceirizados ganham 30% menos e trabalham tr\u00eas horas a mais do que os n\u00e3o terceirizados. E n\u00e3o \u00e9 s\u00f3: os terceirizados sofrem cinco vezes mais acidentes de trabalho e est\u00e3o sujeitos a uma rotatividade maior.<\/span><\/div>\n<div class=\"\"><span class=\"\">\u00a0<\/span><\/div>\n<div id=\"ecxyui_3_16_0_1_1431946389038_25689\" class=\"\"><span id=\"ecxyui_3_16_0_1_1431946389038_25688\" class=\"\">&#8220;Nos \u00faltimos dez anos, 90% dos trabalhadores libertados em condi\u00e7\u00f5es an\u00e1logas \u00e0 escravid\u00e3o eram terceirizados. Os dados s\u00e3o alarmantes&#8221;, alertou a desembargadora, que criticou enfaticamente a possibilidade de delega\u00e7\u00e3o a terceiros da atividade essencial da empresa: &#8220;N\u00e3o haver\u00e1 identidade entre colegas de trabalho e n\u00e3o se poder\u00e1 reclamar com quem se est\u00e1 contratando o servi\u00e7o. Voltamos \u00e0 \u00e9poca da coisifica\u00e7\u00e3o do trabalhador&#8221;.<\/span><\/div>\n<div id=\"ecxyui_3_16_0_1_1431946389038_25690\" class=\"\"><span class=\"\">\u00a0<\/span><\/div>\n<div id=\"ecxyui_3_16_0_1_1431946389038_25692\" class=\"\"><span id=\"ecxyui_3_16_0_1_1431946389038_25691\" class=\"\">\u00c9poca em que, mais do que nunca, as li\u00e7\u00f5es do agora centen\u00e1rio D\u00e9lio Maranh\u00e3o se revelam atemporais.<\/p>\n<p>Fonte:\u00a0<span>TRT\/1<\/span><\/span><\/div>\n","protected":false},"excerpt":{"rendered":"<p>Resgatar a mem\u00f3ria dos ensinamentos de D\u00e9lio Maranh\u00e3o pode indicar um norte no momento em que direitos trabalhistas s\u00e3o postos em xeque, especialmente no que&#8230;<\/p>\n","protected":false},"author":1182,"featured_media":3241,"comment_status":"closed","ping_status":"closed","sticky":false,"template":"","format":"standard","meta":{"footnotes":""},"categories":[6],"tags":[],"class_list":["post-12278","post","type-post","status-publish","format-standard","has-post-thumbnail","hentry","category-noticias"],"_links":{"self":[{"href":"https:\/\/www.sincomam.org.br\/index.php\/wp-json\/wp\/v2\/posts\/12278","targetHints":{"allow":["GET"]}}],"collection":[{"href":"https:\/\/www.sincomam.org.br\/index.php\/wp-json\/wp\/v2\/posts"}],"about":[{"href":"https:\/\/www.sincomam.org.br\/index.php\/wp-json\/wp\/v2\/types\/post"}],"author":[{"embeddable":true,"href":"https:\/\/www.sincomam.org.br\/index.php\/wp-json\/wp\/v2\/users\/1182"}],"replies":[{"embeddable":true,"href":"https:\/\/www.sincomam.org.br\/index.php\/wp-json\/wp\/v2\/comments?post=12278"}],"version-history":[{"count":1,"href":"https:\/\/www.sincomam.org.br\/index.php\/wp-json\/wp\/v2\/posts\/12278\/revisions"}],"predecessor-version":[{"id":12279,"href":"https:\/\/www.sincomam.org.br\/index.php\/wp-json\/wp\/v2\/posts\/12278\/revisions\/12279"}],"wp:featuredmedia":[{"embeddable":true,"href":"https:\/\/www.sincomam.org.br\/index.php\/wp-json\/wp\/v2\/media\/3241"}],"wp:attachment":[{"href":"https:\/\/www.sincomam.org.br\/index.php\/wp-json\/wp\/v2\/media?parent=12278"}],"wp:term":[{"taxonomy":"category","embeddable":true,"href":"https:\/\/www.sincomam.org.br\/index.php\/wp-json\/wp\/v2\/categories?post=12278"},{"taxonomy":"post_tag","embeddable":true,"href":"https:\/\/www.sincomam.org.br\/index.php\/wp-json\/wp\/v2\/tags?post=12278"}],"curies":[{"name":"wp","href":"https:\/\/api.w.org\/{rel}","templated":true}]}}