{"id":12274,"date":"2015-05-18T11:26:01","date_gmt":"2015-05-18T14:26:01","guid":{"rendered":"http:\/\/www.sincomam.org.br\/?p=12274"},"modified":"2015-05-18T11:26:01","modified_gmt":"2015-05-18T14:26:01","slug":"campanha-de-vacinacao-contra-a-gripe-termina-na-proxima-sexta-feira","status":"publish","type":"post","link":"https:\/\/www.sincomam.org.br\/index.php\/campanha-de-vacinacao-contra-a-gripe-termina-na-proxima-sexta-feira\/","title":{"rendered":"Campanha de vacina\u00e7\u00e3o contra a gripe termina na pr\u00f3xima sexta-feira"},"content":{"rendered":"<p>A Campanha de Vacina\u00e7\u00e3o contra a Gripe termina na pr\u00f3xima sexta-feira (22). Devem receber a dose crian\u00e7as na faixa entre 6 meses e 5 anos incompletos, idosos, trabalhadores da sa\u00fade, povos ind\u00edgenas, gestantes, mulheres at\u00e9 45 dias ap\u00f3s o parto, presos e funcion\u00e1rios do sistema prisional.<\/p>\n<p>Crian\u00e7as que v\u00e3o receber a vacina contra a gripe pela primeira vez devem ser imunizadas em duas etapas, com intervalo de 30 dias entre as doses. \u00c9 importante levar aos postos de sa\u00fade o cart\u00e3o de vacina\u00e7\u00e3o e um documento de identifica\u00e7\u00e3o.<\/p>\n<p>Tamb\u00e9m ser\u00e3o vacinadas pessoas com doen\u00e7as cr\u00f4nicas n\u00e3o transmiss\u00edveis ou com condi\u00e7\u00f5es cl\u00ednicas especiais. Neste caso, \u00e9 preciso levar uma prescri\u00e7\u00e3o m\u00e9dica especificando o motivo da indica\u00e7\u00e3o da dose.<\/p>\n<p>Pacientes que participam de programas de controle de doen\u00e7as cr\u00f4nicas no Sistema \u00danico de Sa\u00fade devem procurar os postos onde est\u00e3o cadastrados para receber a dose, sem necessidade da prescri\u00e7\u00e3o m\u00e9dica.<\/p>\n<p>Como o organismo leva, em m\u00e9dia, de duas a tr\u00eas semanas para criar os anticorpos que geram prote\u00e7\u00e3o contra a gripe, o governo ressaltou que \u00e9 fundamental realizar a imuniza\u00e7\u00e3o no per\u00edodo da campanha para garantir a prote\u00e7\u00e3o antes do in\u00edcio do inverno.<\/p>\n<p>A vacina \u00e9 contraindicada a pessoas com hist\u00f3ria de rea\u00e7\u00e3o anafil\u00e1tica em doses anteriores ou \u00e0quelas que tenham alergia grave relacionada a ovo de galinha e seus derivados.<\/p>\n<p>A transmiss\u00e3o dos v\u00edrus Influenza ocorre por meio do contato com secre\u00e7\u00f5es das vias respirat\u00f3rias, eliminadas pela pessoa contaminada ao falar, tossir ou espirrar. A doen\u00e7a tamb\u00e9m pode ser transmitida pelas m\u00e3os e por objetos contaminados.<\/p>\n<p>Os sintomas da gripe incluem febre, tosse ou dor na garganta, al\u00e9m de dor de cabe\u00e7a, dor muscular e nas articula\u00e7\u00f5es. O agravamento pode ser identificado por sintomas como falta de ar, febre por mais de tr\u00eas dias, piora de sintomas gastrointestinais, dor muscular intensa e prostra\u00e7\u00e3o.<\/p>\n<p>Fonte: Ag\u00eancia Brasil<\/p>\n","protected":false},"excerpt":{"rendered":"<p>A Campanha de Vacina\u00e7\u00e3o contra a Gripe termina na pr\u00f3xima sexta-feira (22). Devem receber a dose crian\u00e7as na faixa entre 6 meses e 5 anos&#8230;<\/p>\n","protected":false},"author":1182,"featured_media":5020,"comment_status":"closed","ping_status":"closed","sticky":false,"template":"","format":"standard","meta":{"footnotes":""},"categories":[6],"tags":[],"class_list":["post-12274","post","type-post","status-publish","format-standard","has-post-thumbnail","hentry","category-noticias"],"_links":{"self":[{"href":"https:\/\/www.sincomam.org.br\/index.php\/wp-json\/wp\/v2\/posts\/12274","targetHints":{"allow":["GET"]}}],"collection":[{"href":"https:\/\/www.sincomam.org.br\/index.php\/wp-json\/wp\/v2\/posts"}],"about":[{"href":"https:\/\/www.sincomam.org.br\/index.php\/wp-json\/wp\/v2\/types\/post"}],"author":[{"embeddable":true,"href":"https:\/\/www.sincomam.org.br\/index.php\/wp-json\/wp\/v2\/users\/1182"}],"replies":[{"embeddable":true,"href":"https:\/\/www.sincomam.org.br\/index.php\/wp-json\/wp\/v2\/comments?post=12274"}],"version-history":[{"count":1,"href":"https:\/\/www.sincomam.org.br\/index.php\/wp-json\/wp\/v2\/posts\/12274\/revisions"}],"predecessor-version":[{"id":12275,"href":"https:\/\/www.sincomam.org.br\/index.php\/wp-json\/wp\/v2\/posts\/12274\/revisions\/12275"}],"wp:featuredmedia":[{"embeddable":true,"href":"https:\/\/www.sincomam.org.br\/index.php\/wp-json\/wp\/v2\/media\/5020"}],"wp:attachment":[{"href":"https:\/\/www.sincomam.org.br\/index.php\/wp-json\/wp\/v2\/media?parent=12274"}],"wp:term":[{"taxonomy":"category","embeddable":true,"href":"https:\/\/www.sincomam.org.br\/index.php\/wp-json\/wp\/v2\/categories?post=12274"},{"taxonomy":"post_tag","embeddable":true,"href":"https:\/\/www.sincomam.org.br\/index.php\/wp-json\/wp\/v2\/tags?post=12274"}],"curies":[{"name":"wp","href":"https:\/\/api.w.org\/{rel}","templated":true}]}}