{"id":12266,"date":"2015-05-18T11:02:21","date_gmt":"2015-05-18T14:02:21","guid":{"rendered":"http:\/\/www.sincomam.org.br\/?p=12266"},"modified":"2015-05-18T11:15:38","modified_gmt":"2015-05-18T14:15:38","slug":"barcas-voltam-amanha-a-fazer-trajeto-entre-centro-do-rio-e-ilha-do-governador","status":"publish","type":"post","link":"https:\/\/www.sincomam.org.br\/index.php\/barcas-voltam-amanha-a-fazer-trajeto-entre-centro-do-rio-e-ilha-do-governador\/","title":{"rendered":"Barcas voltam hoje a fazer trajeto entre centro do Rio e Ilha do Governador"},"content":{"rendered":"<p>As barcas que fazem o trajeto entre o centro do Rio de Janeiro e a Ilha do Governador, na zona norte, voltar\u00e3o a circular nesta segunda-feira, depois de 11 dias sem viagens devido a uma colis\u00e3o de uma das embarca\u00e7\u00f5es com o p\u00eder da Esta\u00e7\u00e3o Cocot\u00e1. Ningu\u00e9m se feriu no acidente, mas os passageiros tiveram de esperar por cerca de duas horas e meia para desembarcar.<\/p>\n<p>Segundo a CCR Barcas, que opera o servi\u00e7o, o trabalho de recupera\u00e7\u00e3o do p\u00eder atingido, no terminal da Ilha do Governador, foi conclu\u00eddo com a estrutura refor\u00e7ada por mais estacas e pintura com tinta antiderrapante.<\/p>\n<p>Com o servi\u00e7o aquavi\u00e1rio suspenso, os passageiros tiveram de recorrer aos \u00f4nibus, nos \u00faltimos dias, transporte que vem sofrendo com o impacto das obras do corredor de \u00f4nibus articulado Transbrasil, na Avenida Brasil.<\/p>\n<p>Para atender a essa demanda por transporte rodovi\u00e1rio, a Secretaria Estadual de Transporte informou que solicitou apoio \u00e0 Secretaria Municipal de Transportes, ao Centro de Opera\u00e7\u00f5es Rio e \u00e0 Fetranspor\/Rio \u00d4nibus, refor\u00e7o no servi\u00e7o das linhas de \u00f4nibus que ligam a Ilha do Governador ao centro do Rio.<\/p>\n<p>Fonte: Ag\u00eancia Brasil \/ Foto: Nova Barca P\u00e3o de A\u00e7\u00facar<\/p>\n","protected":false},"excerpt":{"rendered":"<p>As barcas que fazem o trajeto entre o centro do Rio de Janeiro e a Ilha do Governador, na zona norte, voltar\u00e3o a circular nesta&#8230;<\/p>\n","protected":false},"author":1182,"featured_media":8878,"comment_status":"closed","ping_status":"closed","sticky":false,"template":"","format":"standard","meta":{"footnotes":""},"categories":[6],"tags":[],"class_list":["post-12266","post","type-post","status-publish","format-standard","has-post-thumbnail","hentry","category-noticias"],"_links":{"self":[{"href":"https:\/\/www.sincomam.org.br\/index.php\/wp-json\/wp\/v2\/posts\/12266","targetHints":{"allow":["GET"]}}],"collection":[{"href":"https:\/\/www.sincomam.org.br\/index.php\/wp-json\/wp\/v2\/posts"}],"about":[{"href":"https:\/\/www.sincomam.org.br\/index.php\/wp-json\/wp\/v2\/types\/post"}],"author":[{"embeddable":true,"href":"https:\/\/www.sincomam.org.br\/index.php\/wp-json\/wp\/v2\/users\/1182"}],"replies":[{"embeddable":true,"href":"https:\/\/www.sincomam.org.br\/index.php\/wp-json\/wp\/v2\/comments?post=12266"}],"version-history":[{"count":2,"href":"https:\/\/www.sincomam.org.br\/index.php\/wp-json\/wp\/v2\/posts\/12266\/revisions"}],"predecessor-version":[{"id":12269,"href":"https:\/\/www.sincomam.org.br\/index.php\/wp-json\/wp\/v2\/posts\/12266\/revisions\/12269"}],"wp:featuredmedia":[{"embeddable":true,"href":"https:\/\/www.sincomam.org.br\/index.php\/wp-json\/wp\/v2\/media\/8878"}],"wp:attachment":[{"href":"https:\/\/www.sincomam.org.br\/index.php\/wp-json\/wp\/v2\/media?parent=12266"}],"wp:term":[{"taxonomy":"category","embeddable":true,"href":"https:\/\/www.sincomam.org.br\/index.php\/wp-json\/wp\/v2\/categories?post=12266"},{"taxonomy":"post_tag","embeddable":true,"href":"https:\/\/www.sincomam.org.br\/index.php\/wp-json\/wp\/v2\/tags?post=12266"}],"curies":[{"name":"wp","href":"https:\/\/api.w.org\/{rel}","templated":true}]}}