{"id":12262,"date":"2015-05-18T10:47:00","date_gmt":"2015-05-18T13:47:00","guid":{"rendered":"http:\/\/www.sincomam.org.br\/?p=12262"},"modified":"2015-05-18T10:47:00","modified_gmt":"2015-05-18T13:47:00","slug":"edp-anuncia-conclusao-da-aquisicao-de-50-da-empresa-brasileira-porto-do-pecem","status":"publish","type":"post","link":"https:\/\/www.sincomam.org.br\/index.php\/edp-anuncia-conclusao-da-aquisicao-de-50-da-empresa-brasileira-porto-do-pecem\/","title":{"rendered":"EDP anuncia conclus\u00e3o da aquisi\u00e7\u00e3o de 50% da empresa brasileira Porto do Pec\u00e9m"},"content":{"rendered":"<p>A EDP &#8211; Energias de Portugal informou na noite de sexta-feira que a sua subsidi\u00e1ria brasileira, EDP &#8212; Energias do Brasil, concluiu a aquisi\u00e7\u00e3o de 50% do capital da Porto do Pec\u00e9m Gera\u00e7\u00e3o de Energia.<\/p>\n<p>Com esta opera\u00e7\u00e3o, a EDP passa a deter a totalidade do capital da Porto do Pec\u00e9m, onde repartia o capital com a Eneva.<\/p>\n<p>A aquisi\u00e7\u00e3o, divulgada no s\u00edtio da Comiss\u00e3o do Mercado de Valores Mobili\u00e1rios na internet, importou em 300 milh\u00f5es de reais (87,5 milh\u00f5es de euros). A EDP &#8211; Energias do Brasil \u00e9 detida pela empresa em 51%.<\/p>\n<p>Fonte: Global Media<\/p>\n","protected":false},"excerpt":{"rendered":"<p>A EDP &#8211; Energias de Portugal informou na noite de sexta-feira que a sua subsidi\u00e1ria brasileira, EDP &#8212; Energias do Brasil, concluiu a aquisi\u00e7\u00e3o de&#8230;<\/p>\n","protected":false},"author":1182,"featured_media":3207,"comment_status":"closed","ping_status":"closed","sticky":false,"template":"","format":"standard","meta":{"footnotes":""},"categories":[6],"tags":[],"class_list":["post-12262","post","type-post","status-publish","format-standard","has-post-thumbnail","hentry","category-noticias"],"_links":{"self":[{"href":"https:\/\/www.sincomam.org.br\/index.php\/wp-json\/wp\/v2\/posts\/12262","targetHints":{"allow":["GET"]}}],"collection":[{"href":"https:\/\/www.sincomam.org.br\/index.php\/wp-json\/wp\/v2\/posts"}],"about":[{"href":"https:\/\/www.sincomam.org.br\/index.php\/wp-json\/wp\/v2\/types\/post"}],"author":[{"embeddable":true,"href":"https:\/\/www.sincomam.org.br\/index.php\/wp-json\/wp\/v2\/users\/1182"}],"replies":[{"embeddable":true,"href":"https:\/\/www.sincomam.org.br\/index.php\/wp-json\/wp\/v2\/comments?post=12262"}],"version-history":[{"count":1,"href":"https:\/\/www.sincomam.org.br\/index.php\/wp-json\/wp\/v2\/posts\/12262\/revisions"}],"predecessor-version":[{"id":12263,"href":"https:\/\/www.sincomam.org.br\/index.php\/wp-json\/wp\/v2\/posts\/12262\/revisions\/12263"}],"wp:featuredmedia":[{"embeddable":true,"href":"https:\/\/www.sincomam.org.br\/index.php\/wp-json\/wp\/v2\/media\/3207"}],"wp:attachment":[{"href":"https:\/\/www.sincomam.org.br\/index.php\/wp-json\/wp\/v2\/media?parent=12262"}],"wp:term":[{"taxonomy":"category","embeddable":true,"href":"https:\/\/www.sincomam.org.br\/index.php\/wp-json\/wp\/v2\/categories?post=12262"},{"taxonomy":"post_tag","embeddable":true,"href":"https:\/\/www.sincomam.org.br\/index.php\/wp-json\/wp\/v2\/tags?post=12262"}],"curies":[{"name":"wp","href":"https:\/\/api.w.org\/{rel}","templated":true}]}}