{"id":12260,"date":"2015-05-18T10:16:16","date_gmt":"2015-05-18T13:16:16","guid":{"rendered":"http:\/\/www.sincomam.org.br\/?p=12260"},"modified":"2015-05-18T10:16:16","modified_gmt":"2015-05-18T13:16:16","slug":"complexo-portuario-de-itajai-volta-a-operar-apos-fechamento-do-acesso","status":"publish","type":"post","link":"https:\/\/www.sincomam.org.br\/index.php\/complexo-portuario-de-itajai-volta-a-operar-apos-fechamento-do-acesso\/","title":{"rendered":"Complexo Portu\u00e1rio de Itaja\u00ed volta a operar ap\u00f3s fechamento do acesso"},"content":{"rendered":"<p>O Complexo Portu\u00e1rio de Itaja\u00ed, na regi\u00e3o do Vale, que \u00e9 composto pelo APM Terminals em Itaja\u00ed e a Portonave, em Navegantes, reabriu as atividades \u00e0s 10h deste s\u00e1bado (16). O acesso de navios cargueiros ficou fechado devido ao mau tempo desde 9h de ter\u00e7a-feira (12).<\/p>\n<p>De acordo com\u00a0 a praticagem, ondas de at\u00e9 3,5 impediam as manobras de entrada de embarca\u00e7\u00f5es. Na sexta-feira, elas diminuiram para alturas de at\u00e9 2,5 metros e, neste s\u00e1bado, as condi\u00e7\u00f5es do mar melhoraram e permitiram a retomada das atividades.<\/p>\n<p>O diretor-presidente da praticagem, Alexandre da Rocha, explica que todos os navios sa\u00edram do Complexco at\u00e9 quinta (14), quando foi proibido a entrada e sa\u00edda de embarca\u00e7\u00f5es. At\u00e9 esta data, os navios conseguiam sair do Canal da Barra.<\/p>\n<p>No total, sete navios n\u00e3o conseguiram acessar o Complexo. Tr\u00eas deles cancelaram a escala na regi\u00e3o e partiram para outros destinos. Outros quatro aguardaram a regulariza\u00e7\u00e3o das atividades e come\u00e7aram a entrar neste s\u00e1bado.<\/p>\n<p>Apesar de n\u00e3o existir informa\u00e7\u00f5es sobre perdas na movimenta\u00e7\u00e3o, a estimativa \u00e9 que cada navio parado gere de 15 mil a 50 mil d\u00f3lares de preju\u00edzos aos donos das embarca\u00e7\u00f5es, informou a assessoria de imprenso do Complexo.<\/p>\n<p>Fonte: G1 SC<\/p>\n","protected":false},"excerpt":{"rendered":"<p>O Complexo Portu\u00e1rio de Itaja\u00ed, na regi\u00e3o do Vale, que \u00e9 composto pelo APM Terminals em Itaja\u00ed e a Portonave, em Navegantes, reabriu as atividades&#8230;<\/p>\n","protected":false},"author":1182,"featured_media":6990,"comment_status":"closed","ping_status":"closed","sticky":false,"template":"","format":"standard","meta":{"footnotes":""},"categories":[6],"tags":[],"class_list":["post-12260","post","type-post","status-publish","format-standard","has-post-thumbnail","hentry","category-noticias"],"_links":{"self":[{"href":"https:\/\/www.sincomam.org.br\/index.php\/wp-json\/wp\/v2\/posts\/12260","targetHints":{"allow":["GET"]}}],"collection":[{"href":"https:\/\/www.sincomam.org.br\/index.php\/wp-json\/wp\/v2\/posts"}],"about":[{"href":"https:\/\/www.sincomam.org.br\/index.php\/wp-json\/wp\/v2\/types\/post"}],"author":[{"embeddable":true,"href":"https:\/\/www.sincomam.org.br\/index.php\/wp-json\/wp\/v2\/users\/1182"}],"replies":[{"embeddable":true,"href":"https:\/\/www.sincomam.org.br\/index.php\/wp-json\/wp\/v2\/comments?post=12260"}],"version-history":[{"count":1,"href":"https:\/\/www.sincomam.org.br\/index.php\/wp-json\/wp\/v2\/posts\/12260\/revisions"}],"predecessor-version":[{"id":12261,"href":"https:\/\/www.sincomam.org.br\/index.php\/wp-json\/wp\/v2\/posts\/12260\/revisions\/12261"}],"wp:featuredmedia":[{"embeddable":true,"href":"https:\/\/www.sincomam.org.br\/index.php\/wp-json\/wp\/v2\/media\/6990"}],"wp:attachment":[{"href":"https:\/\/www.sincomam.org.br\/index.php\/wp-json\/wp\/v2\/media?parent=12260"}],"wp:term":[{"taxonomy":"category","embeddable":true,"href":"https:\/\/www.sincomam.org.br\/index.php\/wp-json\/wp\/v2\/categories?post=12260"},{"taxonomy":"post_tag","embeddable":true,"href":"https:\/\/www.sincomam.org.br\/index.php\/wp-json\/wp\/v2\/tags?post=12260"}],"curies":[{"name":"wp","href":"https:\/\/api.w.org\/{rel}","templated":true}]}}