{"id":12250,"date":"2015-05-15T10:24:57","date_gmt":"2015-05-15T13:24:57","guid":{"rendered":"http:\/\/www.sincomam.org.br\/?p=12250"},"modified":"2015-05-15T10:24:57","modified_gmt":"2015-05-15T13:24:57","slug":"procuradoria-prepara-novas-denuncias-na-lava-jato","status":"publish","type":"post","link":"https:\/\/www.sincomam.org.br\/index.php\/procuradoria-prepara-novas-denuncias-na-lava-jato\/","title":{"rendered":"Procuradoria prepara novas den\u00fancias na Lava Jato"},"content":{"rendered":"<p>O procurador da Rep\u00fablica Deltan Dallagnol, da for\u00e7a-tarefa da Opera\u00e7\u00e3o Lava Jato, afirmou nesta quinta-feira (14), que o esquema de corrup\u00e7\u00e3o na Petrobras &#8220;era pluripartid\u00e1rio&#8221;. Ao divulgar tr\u00eas den\u00fancias criminais contra quatro ex-deputados federais &#8211; os primeiros pol\u00edticos da Lava Jato formalmente acusados perante a Justi\u00e7a Federal -, e outros nove investigados o procurador assinalou que &#8220;os principais partidos envolvidos at\u00e9 onde as provas j\u00e1 chegaram nesse momento foram o Partido Progressista (PP), PMDB e Partido dos Trabalhadores&#8221;.<\/p>\n<p>S\u00e3o acusados os ex-deputados Andr\u00e9 Vargas (ex-PT), Pedro Corr\u00eaa (ex-PP) e Luiz Arg\u00f4lo (ex-PP, hoje SD). Al\u00e9m deles, a ex-deputada Aline Corr\u00eaa (PP\/PE), filha de Pedro Corr\u00eaa, tamb\u00e9m foi denunciada. A partir da apura\u00e7\u00e3o que tinha como alvo a lavanderia usada pelo ex-l\u00edder do PP na C\u00e2mara dos Deputados Jos\u00e9 Janene (morto em 2010) para movimentar o dinheiro do mensal\u00e3o, a Lava Jato chegou a um bilion\u00e1rio esquema de corrup\u00e7\u00e3o e cartel na Petrobras, por meio de indica\u00e7\u00f5es pol\u00edticas nas diretorias.<\/p>\n<p>Nele, PT, PMDB e PP indicavam os diretores na Petrobras e arrecadavam de 1% a 5% de propina em contratos bilion\u00e1rios assinados com um cartel de 16 empreiteiras. S\u00e3o 15 delatores que j\u00e1 confessaram o esquema. As tr\u00eas den\u00fancias desta quinta-feira, 14, envolvem pol\u00edticos e ex-pol\u00edticos do PP e do PT, mas os procuradores avisaram que &#8216;novos pacotes (de acusa\u00e7\u00f5es) vir\u00e3o&#8217; e que &#8216;a maior parte das investiga\u00e7\u00f5es envolvendo o n\u00facleo de pol\u00edticos n\u00e3o est\u00e1 em primeira inst\u00e2ncia, mas na Procuradoria Geral da Rep\u00fablica&#8217;.<\/p>\n<p>Com essas tr\u00eas den\u00fancias, a for\u00e7a-tarefa da Lava Jato estima j\u00e1 ter identificado um total de R$ 6,2 bilh\u00f5es desviados em propinas na Petrobras &#8211; valor reconhecido pela estatal. Os procuradores explicaram que as primeiras den\u00fancias contra pol\u00edticos completam o primeiro pacote de acusa\u00e7\u00f5es envolvendo o esquema descoberto a partir da lavanderia de dinheiro do doleiro Alberto Youssef &#8211; preso, condenado e delator dos processos.<\/p>\n<p>Com as den\u00fancias, o juiz federal S\u00e9rgio Moro &#8211; que conduz os processos da Lava Jato &#8211; decidir\u00e1 se aceita ou n\u00e3o os argumentos para decidir se abre processo criminal contra os ex-deputados. O primeiro pacote de den\u00fancias contra pol\u00edticos na Lava Jato tem duas frentes. Uma das duas den\u00fancias que envolvem os dois ex-membros do PP &#8211; Corr\u00eaa e Argolo -, tem como origem os desvios de recursos da Petrobras via contratos do cartel, por meio da lavanderia do doleiro Alberto Youssef.<\/p>\n<p>No caso de Vargas, ex-PT, as apura\u00e7\u00f5es se espraiam para um dos setores ainda pouco explorado na Lava Jato, os contratos de comunica\u00e7\u00e3o e publicidade, envolvendo outros \u00f3rg\u00e3os do governo, Caixa Econ\u00f4mica Federal e o Minist\u00e9rio da Sa\u00fade.<\/p>\n<p>&#8220;Hoje (ontem) estamos ingressando pela primeira vez em um quarto n\u00facleo, que \u00e9 o dos agentes pol\u00edticos&#8221;, disse o procurador da Rep\u00fablica Deltan Dellagnol. &#8220;As den\u00fancias de hoje (ontem) representam o come\u00e7o do fechamento de um ciclo. Ao longo do \u00faltimo ano n\u00f3s investigamos um imenso esquema de corrup\u00e7\u00e3o e haviam sido atingidos at\u00e9 agora com acusa\u00e7\u00f5es criminais tr\u00eas n\u00facleos, que s\u00e3o os dos agentes p\u00fablicos, dos empres\u00e1rios e dos operadores financeiros ou profissionais da lavagem de dinheiro.&#8221;<\/p>\n<p>Fonte: Jornal do Com\u00e9rcio \/ Estad\u00e3o Conte\u00fado<\/p>\n","protected":false},"excerpt":{"rendered":"<p>O procurador da Rep\u00fablica Deltan Dallagnol, da for\u00e7a-tarefa da Opera\u00e7\u00e3o Lava Jato, afirmou nesta quinta-feira (14), que o esquema de corrup\u00e7\u00e3o na Petrobras &#8220;era pluripartid\u00e1rio&#8221;&#8230;.<\/p>\n","protected":false},"author":1182,"featured_media":9394,"comment_status":"closed","ping_status":"closed","sticky":false,"template":"","format":"standard","meta":{"footnotes":""},"categories":[6],"tags":[],"class_list":["post-12250","post","type-post","status-publish","format-standard","has-post-thumbnail","hentry","category-noticias"],"_links":{"self":[{"href":"https:\/\/www.sincomam.org.br\/index.php\/wp-json\/wp\/v2\/posts\/12250","targetHints":{"allow":["GET"]}}],"collection":[{"href":"https:\/\/www.sincomam.org.br\/index.php\/wp-json\/wp\/v2\/posts"}],"about":[{"href":"https:\/\/www.sincomam.org.br\/index.php\/wp-json\/wp\/v2\/types\/post"}],"author":[{"embeddable":true,"href":"https:\/\/www.sincomam.org.br\/index.php\/wp-json\/wp\/v2\/users\/1182"}],"replies":[{"embeddable":true,"href":"https:\/\/www.sincomam.org.br\/index.php\/wp-json\/wp\/v2\/comments?post=12250"}],"version-history":[{"count":1,"href":"https:\/\/www.sincomam.org.br\/index.php\/wp-json\/wp\/v2\/posts\/12250\/revisions"}],"predecessor-version":[{"id":12251,"href":"https:\/\/www.sincomam.org.br\/index.php\/wp-json\/wp\/v2\/posts\/12250\/revisions\/12251"}],"wp:featuredmedia":[{"embeddable":true,"href":"https:\/\/www.sincomam.org.br\/index.php\/wp-json\/wp\/v2\/media\/9394"}],"wp:attachment":[{"href":"https:\/\/www.sincomam.org.br\/index.php\/wp-json\/wp\/v2\/media?parent=12250"}],"wp:term":[{"taxonomy":"category","embeddable":true,"href":"https:\/\/www.sincomam.org.br\/index.php\/wp-json\/wp\/v2\/categories?post=12250"},{"taxonomy":"post_tag","embeddable":true,"href":"https:\/\/www.sincomam.org.br\/index.php\/wp-json\/wp\/v2\/tags?post=12250"}],"curies":[{"name":"wp","href":"https:\/\/api.w.org\/{rel}","templated":true}]}}