{"id":12243,"date":"2015-05-15T09:53:50","date_gmt":"2015-05-15T12:53:50","guid":{"rendered":"http:\/\/www.sincomam.org.br\/?p=12243"},"modified":"2015-05-15T09:53:50","modified_gmt":"2015-05-15T12:53:50","slug":"antaq-reajusta-tarifa-de-portos-organizados-em-39","status":"publish","type":"post","link":"https:\/\/www.sincomam.org.br\/index.php\/antaq-reajusta-tarifa-de-portos-organizados-em-39\/","title":{"rendered":"Antaq reajusta tarifa de portos organizados em 39%"},"content":{"rendered":"<p><strong><em>As mudan\u00e7as passam a valer imediatamente, pois j\u00e1 t\u00eam o aval da SEP e do Minist\u00e9rio da Fazenda<\/em><\/strong><\/p>\n<p>A Antaq (Ag\u00eancia Nacional de Transportes Aquavi\u00e1rios) autorizou reajustes das tarifas portu\u00e1rias em 37 portos organizados. As mudan\u00e7as passam a valer imediatamente, pois j\u00e1 t\u00eam o aval da SEP (Secretaria Especial de Portos) e do Minist\u00e9rio da Fazenda, respons\u00e1vel pela homologa\u00e7\u00e3o das tarifas.<\/p>\n<p>Nos 19 maiores portos p\u00fablicos nacionais, que s\u00e3o respons\u00e1veis por mais de 90% da movimenta\u00e7\u00e3o de carga para esse tipo de instala\u00e7\u00e3o portu\u00e1ria, os reajustes m\u00e9dios chegaram a 31,7%. \u00c9 o caso do Porto de Santos, que havia tido a \u00faltima revis\u00e3o em 2005.<\/p>\n<p>Nos portos da cidade do Rio de Janeiro e de Itagua\u00ed, a alta foi de 31,4%. As tarifas portu\u00e1rias do Maranh\u00e3o foram corrigidas em 29,5% e, as do Paran\u00e1, em 23,2%.<\/p>\n<p>Para a autoridade portu\u00e1ria de Suape, o reajuste foi de 30,5%. Os portos p\u00fablicos do Par\u00e1 tiveram aumento m\u00e9dio de 25,7%. J\u00e1 os do Rio Grande do Sul, de 29%. O \u00faltimo aumento das tarifas nesses estados havia ocorrido em 1995.<\/p>\n<p>Os portos organizados da Bahia, do Esp\u00edrito Santo e de Santa Catarina tiveram as tarifas revisadas em 20,7%, 24,7% e 14,4%, respectivamente.\u00a0 Os maiores reajustes m\u00e9dios, no entanto, ocorreram nas tarifas dos portos de Imbituba, com alta de 39%, Porto Alegre, de 33,2%, e Recife, onde o reajuste foi de 32,9%.<\/p>\n<p>As administra\u00e7\u00f5es t\u00eam duas semanas para enviar ao \u00f3rg\u00e3o c\u00f3pias das tabelas com os novos valores, normas de aplica\u00e7\u00e3o, isen\u00e7\u00f5es e taxas m\u00ednimas cobradas.<\/p>\n<p>Fonte: Guia Mar\u00edtimo<\/p>\n","protected":false},"excerpt":{"rendered":"<p>As mudan\u00e7as passam a valer imediatamente, pois j\u00e1 t\u00eam o aval da SEP e do Minist\u00e9rio da Fazenda A Antaq (Ag\u00eancia Nacional de Transportes Aquavi\u00e1rios)&#8230;<\/p>\n","protected":false},"author":1182,"featured_media":8125,"comment_status":"closed","ping_status":"closed","sticky":false,"template":"","format":"standard","meta":{"footnotes":""},"categories":[6],"tags":[],"class_list":["post-12243","post","type-post","status-publish","format-standard","has-post-thumbnail","hentry","category-noticias"],"_links":{"self":[{"href":"https:\/\/www.sincomam.org.br\/index.php\/wp-json\/wp\/v2\/posts\/12243","targetHints":{"allow":["GET"]}}],"collection":[{"href":"https:\/\/www.sincomam.org.br\/index.php\/wp-json\/wp\/v2\/posts"}],"about":[{"href":"https:\/\/www.sincomam.org.br\/index.php\/wp-json\/wp\/v2\/types\/post"}],"author":[{"embeddable":true,"href":"https:\/\/www.sincomam.org.br\/index.php\/wp-json\/wp\/v2\/users\/1182"}],"replies":[{"embeddable":true,"href":"https:\/\/www.sincomam.org.br\/index.php\/wp-json\/wp\/v2\/comments?post=12243"}],"version-history":[{"count":1,"href":"https:\/\/www.sincomam.org.br\/index.php\/wp-json\/wp\/v2\/posts\/12243\/revisions"}],"predecessor-version":[{"id":12244,"href":"https:\/\/www.sincomam.org.br\/index.php\/wp-json\/wp\/v2\/posts\/12243\/revisions\/12244"}],"wp:featuredmedia":[{"embeddable":true,"href":"https:\/\/www.sincomam.org.br\/index.php\/wp-json\/wp\/v2\/media\/8125"}],"wp:attachment":[{"href":"https:\/\/www.sincomam.org.br\/index.php\/wp-json\/wp\/v2\/media?parent=12243"}],"wp:term":[{"taxonomy":"category","embeddable":true,"href":"https:\/\/www.sincomam.org.br\/index.php\/wp-json\/wp\/v2\/categories?post=12243"},{"taxonomy":"post_tag","embeddable":true,"href":"https:\/\/www.sincomam.org.br\/index.php\/wp-json\/wp\/v2\/tags?post=12243"}],"curies":[{"name":"wp","href":"https:\/\/api.w.org\/{rel}","templated":true}]}}