{"id":12236,"date":"2015-05-15T09:44:35","date_gmt":"2015-05-15T12:44:35","guid":{"rendered":"http:\/\/www.sincomam.org.br\/?p=12236"},"modified":"2015-05-15T09:44:35","modified_gmt":"2015-05-15T12:44:35","slug":"prumo-esta-otimista-com-termica-a-gas-no-porto-do-acu","status":"publish","type":"post","link":"https:\/\/www.sincomam.org.br\/index.php\/prumo-esta-otimista-com-termica-a-gas-no-porto-do-acu\/","title":{"rendered":"Prumo est\u00e1 otimista com t\u00e9rmica a g\u00e1s no Porto do A\u00e7u"},"content":{"rendered":"<p>Ap\u00f3s assinar um memorando de entendimento com o Grupo Bolognesi para avaliar projetos de g\u00e1s natural no Porto do A\u00e7u, em S\u00e3o Jo\u00e3o da Barra (RJ), o presidente da Prumo Log\u00edstica, Eduardo Parente, disse ontem estar confiante na concretiza\u00e7\u00e3o dos primeiros investimentos no curto prazo. De acordo com o executivo, a expectativa \u00e9 que a licen\u00e7a da primeira termel\u00e9trica a g\u00e1s saia ainda este ano.<\/p>\n<p>Segundo o executivo, o licenciamento j\u00e1 est\u00e1 em andamento. A expectativa \u00e9 que a t\u00e9rmica do Bolognesi seja inclu\u00edda nos pr\u00f3ximos leil\u00f5es de energia. O executivo v\u00ea a instala\u00e7\u00e3o da primeira usina do A\u00e7u como estrat\u00e9gica. &#8220;Quando se tem uma primeira usina instalada, isso facilita a entrada da segunda e terceira termel\u00e9trica. Passamos a ter credibilidade para trazer o g\u00e1s associado do pr\u00e9-sal para o A\u00e7u&#8221;, disse Parente, em evento no Rio.<\/p>\n<p>Prumo e Bolognesi est\u00e3o estudando a viabilidade de transformar o A\u00e7u num &#8220;hub&#8221; (polo) de g\u00e1s. Os primeiros investimentos devem ser feitos pela Bolognesi em uma termoel\u00e9trica e em um terminal de g\u00e1s natural liquefeito (GNL), mas a ideia da Prumo \u00e9 atrair outros investidores para projetos futuros em unidades de processamento, gasodutos e terminais de g\u00e1s liquefeito de petr\u00f3leo (GLP).<\/p>\n<p>Fonte: Valor Econ\u00f4mico\/Andr\u00e9 Ramalho | Do Rio<\/p>\n","protected":false},"excerpt":{"rendered":"<p>Ap\u00f3s assinar um memorando de entendimento com o Grupo Bolognesi para avaliar projetos de g\u00e1s natural no Porto do A\u00e7u, em S\u00e3o Jo\u00e3o da Barra&#8230;<\/p>\n","protected":false},"author":1182,"featured_media":5691,"comment_status":"closed","ping_status":"closed","sticky":false,"template":"","format":"standard","meta":{"footnotes":""},"categories":[6],"tags":[],"class_list":["post-12236","post","type-post","status-publish","format-standard","has-post-thumbnail","hentry","category-noticias"],"_links":{"self":[{"href":"https:\/\/www.sincomam.org.br\/index.php\/wp-json\/wp\/v2\/posts\/12236","targetHints":{"allow":["GET"]}}],"collection":[{"href":"https:\/\/www.sincomam.org.br\/index.php\/wp-json\/wp\/v2\/posts"}],"about":[{"href":"https:\/\/www.sincomam.org.br\/index.php\/wp-json\/wp\/v2\/types\/post"}],"author":[{"embeddable":true,"href":"https:\/\/www.sincomam.org.br\/index.php\/wp-json\/wp\/v2\/users\/1182"}],"replies":[{"embeddable":true,"href":"https:\/\/www.sincomam.org.br\/index.php\/wp-json\/wp\/v2\/comments?post=12236"}],"version-history":[{"count":1,"href":"https:\/\/www.sincomam.org.br\/index.php\/wp-json\/wp\/v2\/posts\/12236\/revisions"}],"predecessor-version":[{"id":12237,"href":"https:\/\/www.sincomam.org.br\/index.php\/wp-json\/wp\/v2\/posts\/12236\/revisions\/12237"}],"wp:featuredmedia":[{"embeddable":true,"href":"https:\/\/www.sincomam.org.br\/index.php\/wp-json\/wp\/v2\/media\/5691"}],"wp:attachment":[{"href":"https:\/\/www.sincomam.org.br\/index.php\/wp-json\/wp\/v2\/media?parent=12236"}],"wp:term":[{"taxonomy":"category","embeddable":true,"href":"https:\/\/www.sincomam.org.br\/index.php\/wp-json\/wp\/v2\/categories?post=12236"},{"taxonomy":"post_tag","embeddable":true,"href":"https:\/\/www.sincomam.org.br\/index.php\/wp-json\/wp\/v2\/tags?post=12236"}],"curies":[{"name":"wp","href":"https:\/\/api.w.org\/{rel}","templated":true}]}}