{"id":12228,"date":"2015-05-15T08:00:07","date_gmt":"2015-05-15T11:00:07","guid":{"rendered":"http:\/\/www.sincomam.org.br\/?p=12228"},"modified":"2015-05-15T10:34:08","modified_gmt":"2015-05-15T13:34:08","slug":"sincomam-informa-a-terceirizacao-e-seus-desdobramentos","status":"publish","type":"post","link":"https:\/\/www.sincomam.org.br\/index.php\/sincomam-informa-a-terceirizacao-e-seus-desdobramentos\/","title":{"rendered":"SINCOMAM informa: A terceiriza\u00e7\u00e3o e seus desdobramentos"},"content":{"rendered":"<p>O Projeto de Lei 4330 (Terceiriza\u00e7\u00e3o) aprovado recentemente na C\u00e2mara dos Deputados traz uma enorme preocupa\u00e7\u00e3o \u00e0 classe trabalhadora. J\u00e1 tivemos inclusive manifesta\u00e7\u00e3o do \u00f3rg\u00e3o m\u00e1ximo da Justi\u00e7a do Trabalho (TST) Tribunal Superior do Trabalho, onde 19 ministros j\u00e1 se manifestaram contr\u00e1rio \u00e0 aprova\u00e7\u00e3o da PL 4330. Os interessados na aprova\u00e7\u00e3o ir\u00e3o argumentar que as empresas contratadas ir\u00e3o se responsabilizar pelos encargos sociais e n\u00e3o haver\u00e1 preju\u00edzo ao trabalhador.<\/p>\n<p>\u00c9 pura balela, haver\u00e1 perda salarial, pois, as empresas n\u00e3o ter\u00e3o que contratar funcion\u00e1rio efetivo podendo pagar menos ao terceirizado e n\u00e3o tendo v\u00ednculo com o trabalhador. Haver\u00e1 um aumento de empresas prestadoras de servi\u00e7os onde veremos o aumento da avareza, gan\u00e2ncia, a viola\u00e7\u00e3o da CLT, haver\u00e1 uma redu\u00e7\u00e3o dos encargos sociais, haver\u00e1 ainda mais Sindicatos e as categorias ser\u00e3o fracionadas e os Sindicatos enfraquecidos.<\/p>\n<p>Segundo estudo do DIEESE e da CUT, o terceirizado fica 2,6 anos a menos no emprego, tem uma jornada de tr\u00eas horas semanais a mais e ganha 27% a menos que o funcion\u00e1rio contratado diretamente pela empresa, o que proporciona uma explora\u00e7\u00e3o da classe trabalhadora em pleno S\u00e9culo 21 pelas for\u00e7as feudais brasileiras.<\/p>\n<p>Lembremos-nos da \u00e9poca do BRASIL FEUDAL, quando o trabalhador escravo reclamava de alguma coisa os Srs. \u201cFEUDAIS\u201d chamavam o capit\u00e3o do mato e mandavam dar dez chibatadas para n\u00e3o haver novas reclama\u00e7\u00f5es e servir de exemplo. Nos dias de hoje, n\u00e3o nos enganemos, \u00e9 a terceiriza\u00e7\u00e3o.<\/p>\n<p>Esperamos que o SENADO se sensibilize e n\u00e3o aprove essa maldita PL 4330\/2004, que leva a classe trabalhadora de volta \u00e0 idade m\u00e9dia. Isto posto, ainda que passe pelo Senado, temos a esperan\u00e7a que a presidenta Dilma vete tamanha viol\u00eancia contra a classe trabalhadora que votou maci\u00e7amente com ela.<\/p>\n<p>Que DEUS nos livre de mais essa \u201cmaldi\u00e7\u00e3o\u201d onde nesse momento buscamos justi\u00e7a social e distribui\u00e7\u00e3o de renda, mas de repente somos surpreendidos por um projeto de lei que nos reporta a idade m\u00e9dia suprimindo direitos adquiridos, dividindo o povo brasileiro em v\u00e1rias classes sociais, quando deveria se fazer isonomia (justi\u00e7a social) causando uma inquieta\u00e7\u00e3o que pode levar de volta as lutas de classe no momento em que o pa\u00eds vive um dif\u00edcil momento em sua trajet\u00f3ria, na busca do equil\u00edbrio social.<\/p>\n<p style=\"text-align: left;\">Continuamos a lutar contra essa PL 4330, pois preferimos \u00e0s l\u00e1grimas da derrota a vergonha de n\u00e3o ter lutado.<\/p>\n<p><em><strong>Alcir da Costa Albernoz<\/strong><\/em><br \/><em><strong>Presidente do SINCOMAM<\/strong><\/em><\/p>\n","protected":false},"excerpt":{"rendered":"<p>O Projeto de Lei 4330 (Terceiriza\u00e7\u00e3o) aprovado recentemente na C\u00e2mara dos Deputados traz uma enorme preocupa\u00e7\u00e3o \u00e0 classe trabalhadora. J\u00e1 tivemos inclusive manifesta\u00e7\u00e3o do \u00f3rg\u00e3o&#8230;<\/p>\n","protected":false},"author":1182,"featured_media":10201,"comment_status":"closed","ping_status":"closed","sticky":false,"template":"","format":"standard","meta":{"footnotes":""},"categories":[6],"tags":[421,1768,181,1001,1769,314,367,17,1767],"class_list":["post-12228","post","type-post","status-publish","format-standard","has-post-thumbnail","hentry","category-noticias","tag-alcir-albernoz","tag-contra","tag-dilma","tag-lei","tag-pl-4330","tag-presidente","tag-projeto","tag-sincomam","tag-terceirizacao"],"_links":{"self":[{"href":"https:\/\/www.sincomam.org.br\/index.php\/wp-json\/wp\/v2\/posts\/12228","targetHints":{"allow":["GET"]}}],"collection":[{"href":"https:\/\/www.sincomam.org.br\/index.php\/wp-json\/wp\/v2\/posts"}],"about":[{"href":"https:\/\/www.sincomam.org.br\/index.php\/wp-json\/wp\/v2\/types\/post"}],"author":[{"embeddable":true,"href":"https:\/\/www.sincomam.org.br\/index.php\/wp-json\/wp\/v2\/users\/1182"}],"replies":[{"embeddable":true,"href":"https:\/\/www.sincomam.org.br\/index.php\/wp-json\/wp\/v2\/comments?post=12228"}],"version-history":[{"count":4,"href":"https:\/\/www.sincomam.org.br\/index.php\/wp-json\/wp\/v2\/posts\/12228\/revisions"}],"predecessor-version":[{"id":12256,"href":"https:\/\/www.sincomam.org.br\/index.php\/wp-json\/wp\/v2\/posts\/12228\/revisions\/12256"}],"wp:featuredmedia":[{"embeddable":true,"href":"https:\/\/www.sincomam.org.br\/index.php\/wp-json\/wp\/v2\/media\/10201"}],"wp:attachment":[{"href":"https:\/\/www.sincomam.org.br\/index.php\/wp-json\/wp\/v2\/media?parent=12228"}],"wp:term":[{"taxonomy":"category","embeddable":true,"href":"https:\/\/www.sincomam.org.br\/index.php\/wp-json\/wp\/v2\/categories?post=12228"},{"taxonomy":"post_tag","embeddable":true,"href":"https:\/\/www.sincomam.org.br\/index.php\/wp-json\/wp\/v2\/tags?post=12228"}],"curies":[{"name":"wp","href":"https:\/\/api.w.org\/{rel}","templated":true}]}}