{"id":12220,"date":"2015-05-14T11:09:26","date_gmt":"2015-05-14T14:09:26","guid":{"rendered":"http:\/\/www.sincomam.org.br\/?p=12220"},"modified":"2015-05-14T11:09:26","modified_gmt":"2015-05-14T14:09:26","slug":"complexo-portuario-de-itajai-ficara-fechado-ate-esta-quinta","status":"publish","type":"post","link":"https:\/\/www.sincomam.org.br\/index.php\/complexo-portuario-de-itajai-ficara-fechado-ate-esta-quinta\/","title":{"rendered":"Complexo Portu\u00e1rio de Itaja\u00ed ficar\u00e1 fechado at\u00e9 esta quinta"},"content":{"rendered":"<p>A reabertura do Complexo Portu\u00e1rio de Itaja\u00ed, na regi\u00e3o do Vale, deve ocorrer apenas nesta quinta-feira (14), se as condi\u00e7\u00f5es do mar melhorarem, segundo a assessoria de imprensa do porto da cidade. O fechamento do Canal da Barra, que d\u00e1 acesso aos portos de Itaja\u00ed e Navegantes, ocorreu \u00e0s 9h da \u00faltima ter\u00e7a-feira (12), devido por causa da ressaca do mar.<\/p>\n<p>At\u00e9 a tarde desta quarta, tr\u00eas navios aguardavam para entrar. Dois est\u00e3o desde ter\u00e7aesperando a reabertura e o terceiro chegou durante a tarde. Eles n\u00e3o conseguem acessar o canal por causa da ressaca do mar.<\/p>\n<p>De acordo com a assessoria de imprensa do Porto de Itaja\u00ed, na manh\u00e3 desta quinta-feira deve ser feita uma nova avalia\u00e7\u00e3o no Canal da Barra, para avaliar se poder\u00e1 ser permitida a entrada de navios cargueiros e o tamanho deles.<\/p>\n<p>Os portos de Itaja\u00ed e Navegantes est\u00e3o fechados para receber navios desde \u00e0s 9h de ter\u00e7a-feira. Apesar de n\u00e3o existirem informa\u00e7\u00f5es sobre perdas na movimenta\u00e7\u00e3o, a estimativa \u00e9 que cada navio parado gere de R$ 15 mil a 50 mil d\u00f3lares de preju\u00edzos aos armadores.<\/p>\n<p><strong>Ciclone extratropical<\/strong><\/p>\n<p>De acordo com a meteorologia, um ciclone extratropical causou forte ventos e chuva no estado na \u00faltima segunda-feira (11). Na ter\u00e7a passada, ele se afastou para leste em dire\u00e7\u00e3o ao mar em frente ao Litoral catarinense e norte do Rio Grande do Sul.<\/p>\n<p>Por isso, s\u00e3o previstos picos de onda entre tr\u00eas e quatro metros e meio. &#8220;As ondas seguem com picos de at\u00e9 quatro a seis metros afastado da costa. Deveremos ter ondas grandes at\u00e9 quinta&#8221;, explica Leandro Puchalski, meteorologista da Central RBS.<\/p>\n<p>Fonte: G1<\/p>\n","protected":false},"excerpt":{"rendered":"<p>A reabertura do Complexo Portu\u00e1rio de Itaja\u00ed, na regi\u00e3o do Vale, deve ocorrer apenas nesta quinta-feira (14), se as condi\u00e7\u00f5es do mar melhorarem, segundo a&#8230;<\/p>\n","protected":false},"author":1182,"featured_media":6660,"comment_status":"closed","ping_status":"closed","sticky":false,"template":"","format":"standard","meta":{"footnotes":""},"categories":[6],"tags":[],"class_list":["post-12220","post","type-post","status-publish","format-standard","has-post-thumbnail","hentry","category-noticias"],"_links":{"self":[{"href":"https:\/\/www.sincomam.org.br\/index.php\/wp-json\/wp\/v2\/posts\/12220","targetHints":{"allow":["GET"]}}],"collection":[{"href":"https:\/\/www.sincomam.org.br\/index.php\/wp-json\/wp\/v2\/posts"}],"about":[{"href":"https:\/\/www.sincomam.org.br\/index.php\/wp-json\/wp\/v2\/types\/post"}],"author":[{"embeddable":true,"href":"https:\/\/www.sincomam.org.br\/index.php\/wp-json\/wp\/v2\/users\/1182"}],"replies":[{"embeddable":true,"href":"https:\/\/www.sincomam.org.br\/index.php\/wp-json\/wp\/v2\/comments?post=12220"}],"version-history":[{"count":1,"href":"https:\/\/www.sincomam.org.br\/index.php\/wp-json\/wp\/v2\/posts\/12220\/revisions"}],"predecessor-version":[{"id":12221,"href":"https:\/\/www.sincomam.org.br\/index.php\/wp-json\/wp\/v2\/posts\/12220\/revisions\/12221"}],"wp:featuredmedia":[{"embeddable":true,"href":"https:\/\/www.sincomam.org.br\/index.php\/wp-json\/wp\/v2\/media\/6660"}],"wp:attachment":[{"href":"https:\/\/www.sincomam.org.br\/index.php\/wp-json\/wp\/v2\/media?parent=12220"}],"wp:term":[{"taxonomy":"category","embeddable":true,"href":"https:\/\/www.sincomam.org.br\/index.php\/wp-json\/wp\/v2\/categories?post=12220"},{"taxonomy":"post_tag","embeddable":true,"href":"https:\/\/www.sincomam.org.br\/index.php\/wp-json\/wp\/v2\/tags?post=12220"}],"curies":[{"name":"wp","href":"https:\/\/api.w.org\/{rel}","templated":true}]}}