{"id":12212,"date":"2015-05-14T10:49:23","date_gmt":"2015-05-14T13:49:23","guid":{"rendered":"http:\/\/www.sincomam.org.br\/?p=12212"},"modified":"2015-05-14T10:49:23","modified_gmt":"2015-05-14T13:49:23","slug":"fator-previdenciario-pt-foi-decisivo-para-derrota-do-governo","status":"publish","type":"post","link":"https:\/\/www.sincomam.org.br\/index.php\/fator-previdenciario-pt-foi-decisivo-para-derrota-do-governo\/","title":{"rendered":"Fator previdenci\u00e1rio: PT foi decisivo para derrota do governo"},"content":{"rendered":"<p>Mesmo sob press\u00e3o do Pal\u00e1cio do Planalto, foram os deputados do PT que possibilitaram a derrota do governo Dilma Rousseff em vota\u00e7\u00e3o que aprovou a altera\u00e7\u00e3o do c\u00e1lculo da aposentadoria. Nove dos deputados petistas votaram pela mudan\u00e7a no fator previdenci\u00e1rio e outros cinco n\u00e3o compareceram \u00e0 vota\u00e7\u00e3o. Caso todos os 63 parlamentares do partido tivessem acompanhado a orienta\u00e7\u00e3o do governo, o fator teria sido mantido por um voto. Ontem, a C\u00e2mara dos Deputados aprovou a mudan\u00e7a por 232 a 210 votos.<\/p>\n<p>fator previdenci\u00e1rio foi criado em 1999, no governo de Fernando Henrique Cardoso, mas todos os 45 deputados tucanos presentes votaram pela mudan\u00e7a que derrotou o governo. Entre 2000 e 2013, a economia com a aplica\u00e7\u00e3o do fator, estimada pela Previd\u00eancia, foi de R$ 56,9 bilh\u00f5es.<\/p>\n<p>A mudan\u00e7a do fator previdenci\u00e1rio foi inclu\u00edda na vota\u00e7\u00e3o da medida 664, que endurecia as regras para concess\u00e3o de pens\u00f5es e aux\u00edlio-doen\u00e7a, o segundo pilar do ajuste fiscal.<\/p>\n<p>O ministro da Previd\u00eancia, Carlos Gabas, acompanhou a vota\u00e7\u00e3o no gabinete da lideran\u00e7a do governo, longe dos holofotes. Diversas vezes nos \u00faltimos dias, Gabas esteve com deputados de partidos aliados ao governo para pedir que rejeitassem o destaque, alegando que a presidente Dilma Rousseff ir\u00e1 criar um f\u00f3rum espec\u00edfico para tratar de poss\u00edveis altera\u00e7\u00f5es nas regras previdenci\u00e1rias, que ser\u00e3o enviadas ao Congresso em at\u00e9 180 dias.<\/p>\n<p>Mas o apelo de Gabas n\u00e3o funcionou. Ministros da \u00e1rea econ\u00f4mica afirmaram ao GLOBO que defender\u00e3o o veto \u00e0 mudan\u00e7a e que ir\u00e3o mapear os infi\u00e9is da base que ajudaram a aprovar o destaque. A promessa \u00e9 que haver\u00e1 retalia\u00e7\u00f5es.<\/p>\n<p>\u2014 A presidente Dilma pode at\u00e9 vetar, mas ter\u00e1 que pensar 10 vezes antes, porque seria um desgaste monumental para ela. No Senado, j\u00e1 temos quase todos os votos necess\u00e1rios para manter esse destaque \u2014 comemorou o autor da medida, deputado Arnaldo Faria de S\u00e1 (PTB-SP).<\/p>\n<p>Durante todo o dia de ontem, o vice-presidente Michel Temer, articulador pol\u00edtico do governo, trabalhou junto aos deputados da base para evitar a vota\u00e7\u00e3o. Temer ainda teria conseguido reverter cerca de 10 votos, mas o governo acabou perdendo em apertada vota\u00e7\u00e3o. O Planalto pressionou para que o pedido de vota\u00e7\u00e3o sequer fosse aceito, mas Cunha decidiu acolher a proposta de Faria de S\u00e1, que previa o fim dos descontos na aposentadoria para aqueles cuja soma da contribui\u00e7\u00e3o com a idade seja 85 anos, no caso das mulheres; e 95 anos, dos homens.<\/p>\n<p>Nesta quinta-feira, a C\u00e2mara ir\u00e1 finalizar a vota\u00e7\u00e3o dos destaques. Depois, o texto vai \u00e0 aprecia\u00e7\u00e3o do Senado. O senador Walter Pinheiro (PT-BA) afirmou que vai trabalhar para aprovar a emenda que cria alternativa ao fator previdenci\u00e1rio. Pinheiro condicionou a aprova\u00e7\u00e3o das medidas de ajuste ao compromisso do governo de manter a altera\u00e7\u00e3o.<\/p>\n<p><strong>Os deputados do pt que votaram contra o governo:<\/strong><\/p>\n<p>&#8211; Ana Perugini (SP) \/ Carlos Zarattini (SP)\/ Marco Maia (RS) \/ Marcon (RS) \/ Pedro Uczai (SC) \/ Valmir Prascidelli (SP) \/ Vicentinho (SP) \/ Weliton Prado (MG).<\/p>\n<p><strong>Os deputados do pt ausentes:<\/strong><\/p>\n<p>&#8211; D\u00e9cio Lima (SC) \/ Luizianne Lins (CE) \/ Professor Marcivania (AP) \/ Waldenor Pereira (BA) \/ Z\u00e9 Carlos (MA).<\/p>\n<p><strong>As mudan\u00e7as no fator previdenci\u00e1rio<\/strong><\/p>\n<p><strong>Como \u00e9 hoje:<\/strong><\/p>\n<p>O fator previdenci\u00e1rio reduz o valor do benef\u00edcio de quem se aposenta, pelo INSS, por tempo de contribui\u00e7\u00e3o antes de atingir 65 anos, no caso de homens, ou 60 anos, no de mulheres. O tempo m\u00ednimo de contribui\u00e7\u00e3o para aposentadoria \u00e9 de 35 anos para homens e de 30 para mulheres.<\/p>\n<p><strong>Como foi aprovado:<\/strong><\/p>\n<p>O fator previdenci\u00e1rio n\u00e3o ser\u00e1 aplicado quando a soma da idade do segurado com o respectivo tempo de contribui\u00e7\u00e3o atingir 85 anos para as mulheres e 95 anos para os homens. O tempo m\u00ednimo de contribui\u00e7\u00e3o continua sendo 30 anos para mulheres e 35 anos para os homem. O fator tamb\u00e9m n\u00e3o ser\u00e1 aplicado a pessoas com defici\u00eancia. Professores de educa\u00e7\u00e3o infantil e ensino fundamental precisar\u00e3o contribuir cinco anos a menos.<\/p>\n<p>Fonte: O Globo \/ Isabel Braga e J\u00fania Gama<\/p>\n","protected":false},"excerpt":{"rendered":"<p>Mesmo sob press\u00e3o do Pal\u00e1cio do Planalto, foram os deputados do PT que possibilitaram a derrota do governo Dilma Rousseff em vota\u00e7\u00e3o que aprovou a&#8230;<\/p>\n","protected":false},"author":1182,"featured_media":9827,"comment_status":"closed","ping_status":"closed","sticky":false,"template":"","format":"standard","meta":{"footnotes":""},"categories":[6],"tags":[],"class_list":["post-12212","post","type-post","status-publish","format-standard","has-post-thumbnail","hentry","category-noticias"],"_links":{"self":[{"href":"https:\/\/www.sincomam.org.br\/index.php\/wp-json\/wp\/v2\/posts\/12212","targetHints":{"allow":["GET"]}}],"collection":[{"href":"https:\/\/www.sincomam.org.br\/index.php\/wp-json\/wp\/v2\/posts"}],"about":[{"href":"https:\/\/www.sincomam.org.br\/index.php\/wp-json\/wp\/v2\/types\/post"}],"author":[{"embeddable":true,"href":"https:\/\/www.sincomam.org.br\/index.php\/wp-json\/wp\/v2\/users\/1182"}],"replies":[{"embeddable":true,"href":"https:\/\/www.sincomam.org.br\/index.php\/wp-json\/wp\/v2\/comments?post=12212"}],"version-history":[{"count":1,"href":"https:\/\/www.sincomam.org.br\/index.php\/wp-json\/wp\/v2\/posts\/12212\/revisions"}],"predecessor-version":[{"id":12213,"href":"https:\/\/www.sincomam.org.br\/index.php\/wp-json\/wp\/v2\/posts\/12212\/revisions\/12213"}],"wp:featuredmedia":[{"embeddable":true,"href":"https:\/\/www.sincomam.org.br\/index.php\/wp-json\/wp\/v2\/media\/9827"}],"wp:attachment":[{"href":"https:\/\/www.sincomam.org.br\/index.php\/wp-json\/wp\/v2\/media?parent=12212"}],"wp:term":[{"taxonomy":"category","embeddable":true,"href":"https:\/\/www.sincomam.org.br\/index.php\/wp-json\/wp\/v2\/categories?post=12212"},{"taxonomy":"post_tag","embeddable":true,"href":"https:\/\/www.sincomam.org.br\/index.php\/wp-json\/wp\/v2\/tags?post=12212"}],"curies":[{"name":"wp","href":"https:\/\/api.w.org\/{rel}","templated":true}]}}