{"id":12204,"date":"2015-05-13T10:49:22","date_gmt":"2015-05-13T13:49:22","guid":{"rendered":"http:\/\/www.sincomam.org.br\/?p=12204"},"modified":"2015-05-13T10:49:22","modified_gmt":"2015-05-13T13:49:22","slug":"novo-terremoto-atinge-o-nepal-e-deixa-pelo-menos-54-mortos","status":"publish","type":"post","link":"https:\/\/www.sincomam.org.br\/index.php\/novo-terremoto-atinge-o-nepal-e-deixa-pelo-menos-54-mortos\/","title":{"rendered":"Novo terremoto atinge o Nepal e deixa pelo menos 54 mortos"},"content":{"rendered":"<p><strong><em>Tremor foi sentido tamb\u00e9m em Nova D\u00e9li, na \u00cdndia, e no Afeganist\u00e3o<\/em><\/strong><\/p>\n<p>Um novo terremoto atingiu o Nepal nesta ter\u00e7a-feira, informam as ag\u00eancias internacionais de not\u00edcias. O tremor, de magnitude 7,3 na escala Richter, foi sentido tamb\u00e9m em Nova D\u00e9li, na \u00cdndia, e no Afeganist\u00e3o. Pelo menos 36 pessoas morreram no Nepal, 17 na India, e mais de mil ficaram feridas.<\/p>\n<p>O Instituto Geol\u00f3gico dos Estados Unidos (USGS) informou inicialmente que o tremor era de 7,1, subindo para 7,4 e sendo de 7,3 pela medi\u00e7\u00e3o. O epicentro do tremor foi registrado na fronteira com a China, a 68 quil\u00f4metros a oeste de Namche Bazar, perto do acampamento base do Monte Everest, a 18,5 quil\u00f4metros de profundidade. A pol\u00edcia do Nepal orienta que as pessoas fiquem em locais abertos.<\/p>\n<p>O local fica a 80 quil\u00f4metros de Kathmandu, capital do Nepal, fortemente atingida pelo terremoto do final de abril, quando um terremoto de magnitude 7,66 deixou 8 mil mortos no Nepal.<\/p>\n<p>Segundo a AFP, moradores de Kathmandu sa\u00edram correndo e gritando pelas ruas, \u00e0s 12h35min (no hor\u00e1rio local). O tremor durou cerca de um minuto. As sirenes de emerg\u00eancia da cidade foram ouvidas. Depois do primeiro tremor, um novo de 5,6 foi sentido em seguida.<\/p>\n<p>Em abril, terremoto j\u00e1 havia atingido pa\u00eds, deixando milhares de v\u00edtimas: O tremor de abril no Nepal foi o maior nos \u00faltimos 80 anos e o pior na regi\u00e3o do Himalaia na \u00faltima d\u00e9cada, desde que, em 2005, outro terremoto causou a morte a mais de 84 mil pessoas na Caxemira, \u00e1rea dividida entre a \u00cdndia e o Paquist\u00e3o.<\/p>\n<p>Fonte: Zero Hora \/ Not\u00edcias<\/p>\n","protected":false},"excerpt":{"rendered":"<p>Tremor foi sentido tamb\u00e9m em Nova D\u00e9li, na \u00cdndia, e no Afeganist\u00e3o Um novo terremoto atingiu o Nepal nesta ter\u00e7a-feira, informam as ag\u00eancias internacionais de&#8230;<\/p>\n","protected":false},"author":1182,"featured_media":11820,"comment_status":"closed","ping_status":"closed","sticky":false,"template":"","format":"standard","meta":{"footnotes":""},"categories":[6],"tags":[],"class_list":["post-12204","post","type-post","status-publish","format-standard","has-post-thumbnail","hentry","category-noticias"],"_links":{"self":[{"href":"https:\/\/www.sincomam.org.br\/index.php\/wp-json\/wp\/v2\/posts\/12204","targetHints":{"allow":["GET"]}}],"collection":[{"href":"https:\/\/www.sincomam.org.br\/index.php\/wp-json\/wp\/v2\/posts"}],"about":[{"href":"https:\/\/www.sincomam.org.br\/index.php\/wp-json\/wp\/v2\/types\/post"}],"author":[{"embeddable":true,"href":"https:\/\/www.sincomam.org.br\/index.php\/wp-json\/wp\/v2\/users\/1182"}],"replies":[{"embeddable":true,"href":"https:\/\/www.sincomam.org.br\/index.php\/wp-json\/wp\/v2\/comments?post=12204"}],"version-history":[{"count":1,"href":"https:\/\/www.sincomam.org.br\/index.php\/wp-json\/wp\/v2\/posts\/12204\/revisions"}],"predecessor-version":[{"id":12205,"href":"https:\/\/www.sincomam.org.br\/index.php\/wp-json\/wp\/v2\/posts\/12204\/revisions\/12205"}],"wp:featuredmedia":[{"embeddable":true,"href":"https:\/\/www.sincomam.org.br\/index.php\/wp-json\/wp\/v2\/media\/11820"}],"wp:attachment":[{"href":"https:\/\/www.sincomam.org.br\/index.php\/wp-json\/wp\/v2\/media?parent=12204"}],"wp:term":[{"taxonomy":"category","embeddable":true,"href":"https:\/\/www.sincomam.org.br\/index.php\/wp-json\/wp\/v2\/categories?post=12204"},{"taxonomy":"post_tag","embeddable":true,"href":"https:\/\/www.sincomam.org.br\/index.php\/wp-json\/wp\/v2\/tags?post=12204"}],"curies":[{"name":"wp","href":"https:\/\/api.w.org\/{rel}","templated":true}]}}