{"id":12200,"date":"2015-05-13T10:37:28","date_gmt":"2015-05-13T13:37:28","guid":{"rendered":"http:\/\/www.sincomam.org.br\/?p=12200"},"modified":"2015-05-13T10:37:28","modified_gmt":"2015-05-13T13:37:28","slug":"portuarios-iniciam-greve-e-suspendem-atividades-em-vitoria","status":"publish","type":"post","link":"https:\/\/www.sincomam.org.br\/index.php\/portuarios-iniciam-greve-e-suspendem-atividades-em-vitoria\/","title":{"rendered":"Portu\u00e1rios iniciam greve e suspendem atividades em Vit\u00f3ria"},"content":{"rendered":"<p>Os funcion\u00e1rios da Companhia Docas do Esp\u00edrito Santo (Codesa) entraram em greve por tempo indeterminado, na manh\u00e3 desta ter\u00e7a-feira (12). A iniciativa de paralisa\u00e7\u00e3o foi decidida em assembleia, no \u00faltimo dia 04, e impede que navios entrem ou saiam do Porto de Vit\u00f3ria e Porto de Capuaba.<\/p>\n<p>Os trabalhadores reivindicam o cumprimento da cl\u00e1usula do Acordo Coletivo de Trabalho (ACT) que trata da Participa\u00e7\u00e3o nos Lucros e Resultados (PLR) da empresa.<\/p>\n<p>De acordo com a assessoria da Guarda Portu\u00e1ria, funcion\u00e1rios est\u00e3o na entrada da Ilha do Pr\u00edncipe, munidos com faixas reivindicando direitos.<\/p>\n<p>\u201cSuspendemos as atividades de fiscaliza\u00e7\u00e3o e inspe\u00e7\u00e3o de mercadorias. As atividades nos Portos de Vit\u00f3ria e Capuaba est\u00e3o suspensas. Os trabalhadores est\u00e3o na Ilha do Pr\u00edncipe. Aguardamos uma contra-proposta da Codesa\u201d, afirmou a assessoria de imprensa.<\/p>\n<p>Os guardas portu\u00e1rios tamb\u00e9m cobram da Codesa uma solu\u00e7\u00e3o para as prec\u00e1rias condi\u00e7\u00f5es de trabalho da categoria. H\u00e1 tamb\u00e9m um impasse sobre o vale-cultura. Os funcion\u00e1rios alegam n\u00e3o terem recebido o benef\u00edcio.<\/p>\n<p>A assessoria de imprensa da Codesa declarou que lamenta o movimento grevista e informou que a participa\u00e7\u00e3o nos lucros j\u00e1 est\u00e1 no or\u00e7amento, mas que a libera\u00e7\u00e3o do dinheiro depende do Governo Federal, assim como a reivindica\u00e7\u00e3o do vale-cultura. O edital j\u00e1 foi publicado e a licita\u00e7\u00e3o deve acontecer at\u00e9 o m\u00eas que vem.<\/p>\n<p>Sobre as condi\u00e7\u00f5es de trabalho, a Codesa garantiu que est\u00e1 sempre aberta ao di\u00e1logo, mas que n\u00e3o foi procurada por nenhum representante da categoria para discutir o tema.<\/p>\n<p>Com a paralisa\u00e7\u00e3o, tr\u00eas navios est\u00e3o parados nos portos p\u00fablicos do Estado aguardando para atracar. Ainda de acordo com a Codesa, n\u00e3o h\u00e1 ainda como estimar o que deixou de ser arrecadado nesse primeiro dia de paralisa\u00e7\u00e3o.<\/p>\n<p>Fonte: Folha Vit\u00f3ria<\/p>\n","protected":false},"excerpt":{"rendered":"<p>Os funcion\u00e1rios da Companhia Docas do Esp\u00edrito Santo (Codesa) entraram em greve por tempo indeterminado, na manh\u00e3 desta ter\u00e7a-feira (12). A iniciativa de paralisa\u00e7\u00e3o foi&#8230;<\/p>\n","protected":false},"author":1182,"featured_media":6436,"comment_status":"closed","ping_status":"closed","sticky":false,"template":"","format":"standard","meta":{"footnotes":""},"categories":[6],"tags":[],"class_list":["post-12200","post","type-post","status-publish","format-standard","has-post-thumbnail","hentry","category-noticias"],"_links":{"self":[{"href":"https:\/\/www.sincomam.org.br\/index.php\/wp-json\/wp\/v2\/posts\/12200","targetHints":{"allow":["GET"]}}],"collection":[{"href":"https:\/\/www.sincomam.org.br\/index.php\/wp-json\/wp\/v2\/posts"}],"about":[{"href":"https:\/\/www.sincomam.org.br\/index.php\/wp-json\/wp\/v2\/types\/post"}],"author":[{"embeddable":true,"href":"https:\/\/www.sincomam.org.br\/index.php\/wp-json\/wp\/v2\/users\/1182"}],"replies":[{"embeddable":true,"href":"https:\/\/www.sincomam.org.br\/index.php\/wp-json\/wp\/v2\/comments?post=12200"}],"version-history":[{"count":1,"href":"https:\/\/www.sincomam.org.br\/index.php\/wp-json\/wp\/v2\/posts\/12200\/revisions"}],"predecessor-version":[{"id":12201,"href":"https:\/\/www.sincomam.org.br\/index.php\/wp-json\/wp\/v2\/posts\/12200\/revisions\/12201"}],"wp:featuredmedia":[{"embeddable":true,"href":"https:\/\/www.sincomam.org.br\/index.php\/wp-json\/wp\/v2\/media\/6436"}],"wp:attachment":[{"href":"https:\/\/www.sincomam.org.br\/index.php\/wp-json\/wp\/v2\/media?parent=12200"}],"wp:term":[{"taxonomy":"category","embeddable":true,"href":"https:\/\/www.sincomam.org.br\/index.php\/wp-json\/wp\/v2\/categories?post=12200"},{"taxonomy":"post_tag","embeddable":true,"href":"https:\/\/www.sincomam.org.br\/index.php\/wp-json\/wp\/v2\/tags?post=12200"}],"curies":[{"name":"wp","href":"https:\/\/api.w.org\/{rel}","templated":true}]}}