{"id":12188,"date":"2015-05-13T10:22:57","date_gmt":"2015-05-13T13:22:57","guid":{"rendered":"http:\/\/www.sincomam.org.br\/?p=12188"},"modified":"2015-05-13T10:22:57","modified_gmt":"2015-05-13T13:22:57","slug":"assinatura-de-protocolo-vai-ampliar-terminal-do-porto-de-cabedelo","status":"publish","type":"post","link":"https:\/\/www.sincomam.org.br\/index.php\/assinatura-de-protocolo-vai-ampliar-terminal-do-porto-de-cabedelo\/","title":{"rendered":"Assinatura de protocolo vai ampliar terminal do Porto de Cabedelo"},"content":{"rendered":"<p>O Governo do Estado, por meio da Companhia Docas da Para\u00edba, assina, hoje, quarta-feira (13), \u00e0s 16h, na sede do Porto de Cabedelo, o protocolo de inten\u00e7\u00f5es para a constru\u00e7\u00e3o do Terminal de M\u00faltiplos Usos (TMU) em parceria com 2 empresas do setor privado, a Marlog \u2013 Maraj\u00f3 Log\u00edstica e Servi\u00e7os Ltda e o Grupo portugu\u00eas Mota-Engil.<\/p>\n<p>O investimento total corresponde a R$ 450 milh\u00f5es. Com o Terminal, o Porto ser\u00e1 ampliado, compreendendo a constru\u00e7\u00e3o de uma \u00e1rea para movimenta\u00e7\u00e3o de cargas que vai ocupar aproximadamente 100.000m\u00b2. Dentro desse complexo portu\u00e1rio, ser\u00e3o constru\u00eddos ainda dois novos ber\u00e7os de atraca\u00e7\u00e3o com 600 metros de cais.<\/p>\n<p>O presidente da Companhia Docas da Para\u00edba, Luc\u00e9lio Cartaxo, destacou a posi\u00e7\u00e3o privilegiada do Porto para as opera\u00e7\u00f5es mar\u00edtimas e avaliou a import\u00e2ncia da amplia\u00e7\u00e3o para a estrutura competitiva. \u201cDe fato, o que muda \u00e9 a capacidade operacional, pois estaremos duplicando a estrutura portu\u00e1ria. Com a conclus\u00e3o da obra, o terminal estar\u00e1 apto a operar 1.600 cont\u00eaineres e uma din\u00e2mica de 115 mil TEUs ao ano\u201d, adiantou.<\/p>\n<p>Um TEU \u00e9 a capacidade de carga de um contentor mar\u00edtimo normal de 20 p\u00e9s de comprimento, por 8 de largura e 8 de altura. No entanto, a altura pode variar de 4,25 p\u00e9s (1,30m), 8,5 p\u00e9s (2,6m) e at\u00e9 9,5 p\u00e9s (2,9m).<\/p>\n<p>Gilmara Tem\u00f3teo, vice presidente da Companhia Docas, ainda ressaltou a import\u00e2ncia do empreendimento: \u201cServir\u00e1 de est\u00edmulo econ\u00f4mico para toda regi\u00e3o Nordeste, proporcionando um apoio log\u00edstico para empresas paraibanas e de estados vizinhos que dependem do escoamento de sua produ\u00e7\u00e3o, al\u00e9m de cumprir as voca\u00e7\u00f5es portu\u00e1rias de Cabedelo com total fidelidade ao plano de desenvolvimento e zoneamento do complexo portu\u00e1rio\u201d.<\/p>\n<p>Sobre o TMU \u2013 Essa nova estrutura vai possibilitar tamb\u00e9m a gest\u00e3o de explora\u00e7\u00e3o de medi\u00e7\u00e3o de cargas e descargas, guindastes, empilhadeiras, moegas, balan\u00e7as, cargas soltas e de projeto, al\u00e9m de se tornar apto a atuar como deposit\u00e1rio desses volumes e gerenciar a movimenta\u00e7\u00e3o de cargas, ve\u00edculos e opera\u00e7\u00f5es portu\u00e1rias.<\/p>\n<p>A expectativa \u00e9 que possa gerar cerca de 300 empregos diretos durante a sua fase operacional e mais 300 indiretos durante as obras de implanta\u00e7\u00e3o do empreendimento. Como contrapartida, o grupo de empresas completar\u00e1 a dragagem de aprofundamento do canal de acesso e bacia de evolu\u00e7\u00e3o do Porto de Cabedelo para a cota de 11 metros de profundidade, bem como vai realizar a manuten\u00e7\u00e3o das ruas de acesso ao TMU.<\/p>\n<p>Durante a solenidade de assinatura, estar\u00e3o presentes representantes de operadores portu\u00e1rios, arrendat\u00e1rios e de \u00f3rg\u00e3os que fiscaliza\u00e7\u00e3o a a\u00e7\u00e3o portu\u00e1rias, tais como, Pol\u00edcia Federal, Receita Federal, Anvisa, Fecom\u00e9rcio, Fiep, CDL, Minist\u00e9rio da Agricultura, Pecu\u00e1ria e Abastecimento, Minist\u00e9rio do Trabalho, Capitania dos Portos da Para\u00edba, al\u00e9m de sindicatos da categoria.<\/p>\n<p>Entre os principais clientes do Porto de Cabedelo est\u00e3o as empresas Milenium, Elizabeth Cimentos, Lafarge, Cimento Nassau, Ambev, Coteminas, Cimento Miz\u00fa e Brennand Cimentos.<\/p>\n<p>Sobre o Porto \u2013 O Porto de Cabedelo est\u00e1 localizado em uma das melhores op\u00e7\u00f5es log\u00edsticas do Nordeste, estendendo sua \u00e1rea de influ\u00eancia para al\u00e9m das divisas. Atualmente, o Porto conta com um Cais de 602 metros de extens\u00e3o; calado homologado de 9,14 metros; silagem para 100 mil toneladas de gr\u00e3os, 14.000m\u00b2 de armaz\u00e9ns cobertos e 18.000m\u00b2 de p\u00e1tio.<\/p>\n<p>Fonte: PBAgora<\/p>\n","protected":false},"excerpt":{"rendered":"<p>O Governo do Estado, por meio da Companhia Docas da Para\u00edba, assina, hoje, quarta-feira (13), \u00e0s 16h, na sede do Porto de Cabedelo, o protocolo&#8230;<\/p>\n","protected":false},"author":1182,"featured_media":10000,"comment_status":"closed","ping_status":"closed","sticky":false,"template":"","format":"standard","meta":{"footnotes":""},"categories":[6],"tags":[],"class_list":["post-12188","post","type-post","status-publish","format-standard","has-post-thumbnail","hentry","category-noticias"],"_links":{"self":[{"href":"https:\/\/www.sincomam.org.br\/index.php\/wp-json\/wp\/v2\/posts\/12188","targetHints":{"allow":["GET"]}}],"collection":[{"href":"https:\/\/www.sincomam.org.br\/index.php\/wp-json\/wp\/v2\/posts"}],"about":[{"href":"https:\/\/www.sincomam.org.br\/index.php\/wp-json\/wp\/v2\/types\/post"}],"author":[{"embeddable":true,"href":"https:\/\/www.sincomam.org.br\/index.php\/wp-json\/wp\/v2\/users\/1182"}],"replies":[{"embeddable":true,"href":"https:\/\/www.sincomam.org.br\/index.php\/wp-json\/wp\/v2\/comments?post=12188"}],"version-history":[{"count":1,"href":"https:\/\/www.sincomam.org.br\/index.php\/wp-json\/wp\/v2\/posts\/12188\/revisions"}],"predecessor-version":[{"id":12189,"href":"https:\/\/www.sincomam.org.br\/index.php\/wp-json\/wp\/v2\/posts\/12188\/revisions\/12189"}],"wp:featuredmedia":[{"embeddable":true,"href":"https:\/\/www.sincomam.org.br\/index.php\/wp-json\/wp\/v2\/media\/10000"}],"wp:attachment":[{"href":"https:\/\/www.sincomam.org.br\/index.php\/wp-json\/wp\/v2\/media?parent=12188"}],"wp:term":[{"taxonomy":"category","embeddable":true,"href":"https:\/\/www.sincomam.org.br\/index.php\/wp-json\/wp\/v2\/categories?post=12188"},{"taxonomy":"post_tag","embeddable":true,"href":"https:\/\/www.sincomam.org.br\/index.php\/wp-json\/wp\/v2\/tags?post=12188"}],"curies":[{"name":"wp","href":"https:\/\/api.w.org\/{rel}","templated":true}]}}