{"id":12185,"date":"2015-05-13T09:48:04","date_gmt":"2015-05-13T12:48:04","guid":{"rendered":"http:\/\/www.sincomam.org.br\/?p=12185"},"modified":"2015-05-13T09:48:04","modified_gmt":"2015-05-13T12:48:04","slug":"ccr-barcas-e-autuada-pelo-procon-estadual-apos-acidente-em-estacao-da-ilha-do-governador","status":"publish","type":"post","link":"https:\/\/www.sincomam.org.br\/index.php\/ccr-barcas-e-autuada-pelo-procon-estadual-apos-acidente-em-estacao-da-ilha-do-governador\/","title":{"rendered":"CCR Barcas \u00e9 autuada pelo Procon Estadual ap\u00f3s acidente em esta\u00e7\u00e3o da Ilha do Governador"},"content":{"rendered":"<p><strong><em>\u00d3rg\u00e3o diz que empresa infringiu normas de direito do consumidor. Secret\u00e1rio acompanhou execu\u00e7\u00e3o de plano de conting\u00eancia<\/em><\/strong><\/p>\n<p>O Procon estadual autuou, nesta sexta-feira, a CCR Barcas por causa da colis\u00e3o da lancha Vital Brazil com o p\u00eder do Cocot\u00e1, na Ilha do Governador, na noite de quinta-feira. Segundo o \u00f3rg\u00e3o, a concession\u00e1ria infringiu normas de direitos do consumidor. Pela lei, toda empresa que trabalha com concess\u00e3o p\u00fablica tem de fornecer um servi\u00e7o adequado, que deve satisfazer, por exemplo, as condi\u00e7\u00f5es de continuidade, seguran\u00e7a e efici\u00eancia.<\/p>\n<p>Ainda de acordo com o Procon, a CCR Barcas tem 15 dias para apresentar sua defesa. Se isso n\u00e3o acontecer no prazo estipulado ou se os argumentos n\u00e3o forem aceitos pelo departamento jur\u00eddico do \u00f3rg\u00e3o, a concession\u00e1ria ser\u00e1 multada.<\/p>\n<p><strong>Plano de conting\u00eancia<\/strong><\/p>\n<p>Na manh\u00e3 da \u00faltima sexta-feira (08), o secret\u00e1rio estadual de Transportes, Carlos Roberto Osorio, acompanhou a execu\u00e7\u00e3o do plano de conting\u00eancia na Ilha do Governador, j\u00e1 que a linha Pra\u00e7a Quinze-Cocot\u00e1 n\u00e3o operou. De acordo com Osorio, al\u00e9m do refor\u00e7o dos \u00f4nibus, coletivos extras tamb\u00e9m fizeram o transporte de passageiros a partir do terminal da CCR Barcas, no Cocot\u00e1. Na avalia\u00e7\u00e3o do secret\u00e1rio, o plano de conting\u00eancia funcionou bem durante o rush da manh\u00e3.<\/p>\n<p>\u2014 Passageiros que n\u00e3o receberam a informa\u00e7\u00e3o da suspens\u00e3o da linha Cocot\u00e1-Pra\u00e7a Quinze tiveram apoio de \u00f4nibus que sa\u00edram, pontualmente, da esta\u00e7\u00e3o das barcas \u00e0s 7h, \u00e0s 8h e \u00e0s 9h20m. O esquema funcionou bem \u2014 avaliou o secret\u00e1rio, refor\u00e7ando que o plano de conting\u00eancia \u00e9 feito em parceria com a Secretaria municipal de Transportes.<\/p>\n<p>A barca Vital Brazil, que havia sa\u00eddo \u00e0s 17h30m da Pra\u00e7a Quinze, bateu na plataforma da esta\u00e7\u00e3o ao tentar atracar, por volta das 18h30m de quinta-feira. Devido \u00e0 colis\u00e3o, a opera\u00e7\u00e3o da linha foi suspensa, e houve refor\u00e7o de 100% nas linhas de \u00f4nibus entre Cocot\u00e1 e Centro.<\/p>\n<p>Com o aumento da frota de \u00f4nibus, agentes da CET-Rio e policiais militares tamb\u00e9m fizeram parte da estrat\u00e9gia para atender usu\u00e1rios da CCR Barcas. O patrulhamento na regi\u00e3o foi refor\u00e7ado.<\/p>\n<p>Fonte: O Globo \/ Giselle Ouchana<\/p>\n","protected":false},"excerpt":{"rendered":"<p>\u00d3rg\u00e3o diz que empresa infringiu normas de direito do consumidor. Secret\u00e1rio acompanhou execu\u00e7\u00e3o de plano de conting\u00eancia O Procon estadual autuou, nesta sexta-feira, a CCR&#8230;<\/p>\n","protected":false},"author":1182,"featured_media":12186,"comment_status":"closed","ping_status":"closed","sticky":false,"template":"","format":"standard","meta":{"footnotes":""},"categories":[6],"tags":[],"class_list":["post-12185","post","type-post","status-publish","format-standard","has-post-thumbnail","hentry","category-noticias"],"_links":{"self":[{"href":"https:\/\/www.sincomam.org.br\/index.php\/wp-json\/wp\/v2\/posts\/12185","targetHints":{"allow":["GET"]}}],"collection":[{"href":"https:\/\/www.sincomam.org.br\/index.php\/wp-json\/wp\/v2\/posts"}],"about":[{"href":"https:\/\/www.sincomam.org.br\/index.php\/wp-json\/wp\/v2\/types\/post"}],"author":[{"embeddable":true,"href":"https:\/\/www.sincomam.org.br\/index.php\/wp-json\/wp\/v2\/users\/1182"}],"replies":[{"embeddable":true,"href":"https:\/\/www.sincomam.org.br\/index.php\/wp-json\/wp\/v2\/comments?post=12185"}],"version-history":[{"count":1,"href":"https:\/\/www.sincomam.org.br\/index.php\/wp-json\/wp\/v2\/posts\/12185\/revisions"}],"predecessor-version":[{"id":12187,"href":"https:\/\/www.sincomam.org.br\/index.php\/wp-json\/wp\/v2\/posts\/12185\/revisions\/12187"}],"wp:featuredmedia":[{"embeddable":true,"href":"https:\/\/www.sincomam.org.br\/index.php\/wp-json\/wp\/v2\/media\/12186"}],"wp:attachment":[{"href":"https:\/\/www.sincomam.org.br\/index.php\/wp-json\/wp\/v2\/media?parent=12185"}],"wp:term":[{"taxonomy":"category","embeddable":true,"href":"https:\/\/www.sincomam.org.br\/index.php\/wp-json\/wp\/v2\/categories?post=12185"},{"taxonomy":"post_tag","embeddable":true,"href":"https:\/\/www.sincomam.org.br\/index.php\/wp-json\/wp\/v2\/tags?post=12185"}],"curies":[{"name":"wp","href":"https:\/\/api.w.org\/{rel}","templated":true}]}}