{"id":12177,"date":"2015-05-12T11:52:55","date_gmt":"2015-05-12T14:52:55","guid":{"rendered":"http:\/\/www.sincomam.org.br\/?p=12177"},"modified":"2015-05-12T11:52:55","modified_gmt":"2015-05-12T14:52:55","slug":"porto-de-itajai-oferece-predio-restaurado-a-policia-federal","status":"publish","type":"post","link":"https:\/\/www.sincomam.org.br\/index.php\/porto-de-itajai-oferece-predio-restaurado-a-policia-federal\/","title":{"rendered":"Porto de Itaja\u00ed oferece pr\u00e9dio restaurado \u00e0 Pol\u00edcia Federal"},"content":{"rendered":"<p>A Autoridade Portu\u00e1ria de Itaja\u00ed ofereceu \u00e0 Pol\u00edcia Federal o pr\u00e9dio da antiga Fiscaliza\u00e7\u00e3o dos Portos, que est\u00e1 em fase final de restauro. Tombado como patrim\u00f4nio hist\u00f3rico estadual e municipal, o edif\u00edcio poder\u00e1 servir de sede ao N\u00facleo Especial de Pol\u00edcia Mar\u00edtima (Nepom) e \u00e0 Comiss\u00e3o Estadual de Seguran\u00e7a P\u00fablica nos Portos, Terminais e Vias Naveg\u00e1veis (Cesportos).<\/p>\n<p>A Pol\u00edcia Federal, que hoje mant\u00e9m a estrutura do Nepom dentro do p\u00eder tur\u00edstico de Itaja\u00ed, demonstrou interesse e est\u00e1 avaliando a viabilidade financeira da instala\u00e7\u00e3o no novo pr\u00e9dio. Basicamente, os custos de manuten\u00e7\u00e3o.<\/p>\n<p>Ter\u00e1 que ser levada em conta, tamb\u00e9m, outra proposta: de instalar uma nova sede do Nepom junto ao pr\u00e9dio da Pol\u00edcia Federal que ser\u00e1 constru\u00eddo na \u00e1rea da Marina Itaja\u00ed. O Nepom faz, al\u00e9m do patrulhamento do Complexo Portu\u00e1rio, tamb\u00e9m os procedimentos migrat\u00f3rios em Itaja\u00ed.<\/p>\n<p>Restaurado por ordem judicial, ap\u00f3s a\u00e7\u00e3o do Minist\u00e9rio P\u00fablico Estadual (que pediu a recupera\u00e7\u00e3o da estrutura), o pr\u00e9dio ser\u00e1 inaugurado oficialmente no dia 17 de junho, como parte da programa\u00e7\u00e3o comemorativa do anivers\u00e1rio de Itaja\u00ed.<\/p>\n<p>A obra foi executada pela empresa paranaense Albatroz, ao custo de R$ 705 mil \u2013 dividido, meio a meio, entre o Porto de Itaja\u00ed e a APM Terminals.<\/p>\n<p>Fonte: Clic RBS<\/p>\n","protected":false},"excerpt":{"rendered":"<p>A Autoridade Portu\u00e1ria de Itaja\u00ed ofereceu \u00e0 Pol\u00edcia Federal o pr\u00e9dio da antiga Fiscaliza\u00e7\u00e3o dos Portos, que est\u00e1 em fase final de restauro. Tombado como&#8230;<\/p>\n","protected":false},"author":1182,"featured_media":6990,"comment_status":"closed","ping_status":"closed","sticky":false,"template":"","format":"standard","meta":{"footnotes":""},"categories":[6],"tags":[],"class_list":["post-12177","post","type-post","status-publish","format-standard","has-post-thumbnail","hentry","category-noticias"],"_links":{"self":[{"href":"https:\/\/www.sincomam.org.br\/index.php\/wp-json\/wp\/v2\/posts\/12177","targetHints":{"allow":["GET"]}}],"collection":[{"href":"https:\/\/www.sincomam.org.br\/index.php\/wp-json\/wp\/v2\/posts"}],"about":[{"href":"https:\/\/www.sincomam.org.br\/index.php\/wp-json\/wp\/v2\/types\/post"}],"author":[{"embeddable":true,"href":"https:\/\/www.sincomam.org.br\/index.php\/wp-json\/wp\/v2\/users\/1182"}],"replies":[{"embeddable":true,"href":"https:\/\/www.sincomam.org.br\/index.php\/wp-json\/wp\/v2\/comments?post=12177"}],"version-history":[{"count":1,"href":"https:\/\/www.sincomam.org.br\/index.php\/wp-json\/wp\/v2\/posts\/12177\/revisions"}],"predecessor-version":[{"id":12178,"href":"https:\/\/www.sincomam.org.br\/index.php\/wp-json\/wp\/v2\/posts\/12177\/revisions\/12178"}],"wp:featuredmedia":[{"embeddable":true,"href":"https:\/\/www.sincomam.org.br\/index.php\/wp-json\/wp\/v2\/media\/6990"}],"wp:attachment":[{"href":"https:\/\/www.sincomam.org.br\/index.php\/wp-json\/wp\/v2\/media?parent=12177"}],"wp:term":[{"taxonomy":"category","embeddable":true,"href":"https:\/\/www.sincomam.org.br\/index.php\/wp-json\/wp\/v2\/categories?post=12177"},{"taxonomy":"post_tag","embeddable":true,"href":"https:\/\/www.sincomam.org.br\/index.php\/wp-json\/wp\/v2\/tags?post=12177"}],"curies":[{"name":"wp","href":"https:\/\/api.w.org\/{rel}","templated":true}]}}