{"id":12175,"date":"2015-05-12T11:50:56","date_gmt":"2015-05-12T14:50:56","guid":{"rendered":"http:\/\/www.sincomam.org.br\/?p=12175"},"modified":"2015-05-12T11:50:56","modified_gmt":"2015-05-12T14:50:56","slug":"relatora-do-processo-do-pre-sal-ministra-carmen-lucia-da-voto-a-distribuicao-de-royalties-para-estados-e-municipios","status":"publish","type":"post","link":"https:\/\/www.sincomam.org.br\/index.php\/relatora-do-processo-do-pre-sal-ministra-carmen-lucia-da-voto-a-distribuicao-de-royalties-para-estados-e-municipios\/","title":{"rendered":"Relatora do processo do pr\u00e9-sal Ministra C\u00e1rmen L\u00facia d\u00e1 voto \u00e0 distribui\u00e7\u00e3o de royalties para estados e munic\u00edpios"},"content":{"rendered":"<p>A relatora do processo de distribui\u00e7\u00e3o para royalties do pr\u00e9-sal para Estados e munic\u00edpios do Supremo Tribunal Federal (STF), C\u00e1rmen L\u00facia, deu voto favor\u00e1vel para que os royalties sejam distribu\u00eddos de forma equitativa entre estados e munic\u00edpios. Em seu voto, ela considerou a distribui\u00e7\u00e3o de royalties do pr\u00e9-sal constitucional.<\/p>\n<p>A ministra Carmen L\u00facia, foi quem deu a liminar para o estados do Rio de Janeiro e Espirito Santo para que os royalties n\u00e3o fossem distribu\u00eddos de forma equitativa para o estados e munic\u00edpios, mas que beneficiasse os estados confortantes com as \u00e1reas de explora\u00e7\u00e3o do pr\u00e9-sal. Essa limiar vigora at\u00e9 hoje, esperando que o STF decida a quest\u00e3o do m\u00e9rito.<\/p>\n<p>A informa\u00e7\u00e3o de que a ministra deu voto favor\u00e1vel para a distribui\u00e7\u00e3o do pr\u00e9-sal foi concedida pelo governador Wellignton Dias, durante entrevista coletiva na reuni\u00e3o com os prefeitos com a bancada do Piau\u00ed no Congresso Nacional, realizada na manh\u00e3 desta segunda-feira (11), na APPM.<\/p>\n<p>O governador esteve no STF, conversando com o presidente do tribunal, ministro Ricardo Lewandowski e com a ministra Carm\u00e9m L\u00facia, quando recebeu a informa\u00e7\u00e3o de que a ministra \u00e9 favor\u00e1vel a recomenda\u00e7\u00e3o de todos os governadores.<\/p>\n<p>\u201cA novidade que temos \u00e9 o voto da ministra C\u00e1rmen L\u00facia. Alguns ministros v\u00e3o se julgar suspeitos de votar no processo de royalties do pr\u00e9-sal, que \u00e9 o caso do ministro Luiz Barroso, que foi advogado no Rio de Janeiro e defende o pagamento dos recursos do pr\u00e9-sal para estados confortantes e provavelmente o ministro Luiz Fux, de qualquer forma logo se tenha Luiz Fantin, tenha compromisso com o presidente do tribunal de colocar o projeto em vota\u00e7\u00e3o. Eu estou confiante que o voto supremo ser\u00e1 pela constitucionalidade da distribui\u00e7\u00e3o do pr\u00e9-sal para estados e munic\u00edpios e n\u00e3o tem como ser diferente\u201d, declarou Wellington Dias.<\/p>\n<p>Fonte: Meionorte.com<\/p>\n","protected":false},"excerpt":{"rendered":"<p>A relatora do processo de distribui\u00e7\u00e3o para royalties do pr\u00e9-sal para Estados e munic\u00edpios do Supremo Tribunal Federal (STF), C\u00e1rmen L\u00facia, deu voto favor\u00e1vel para&#8230;<\/p>\n","protected":false},"author":1182,"featured_media":0,"comment_status":"closed","ping_status":"closed","sticky":false,"template":"","format":"standard","meta":{"footnotes":""},"categories":[6],"tags":[],"class_list":["post-12175","post","type-post","status-publish","format-standard","hentry","category-noticias"],"_links":{"self":[{"href":"https:\/\/www.sincomam.org.br\/index.php\/wp-json\/wp\/v2\/posts\/12175","targetHints":{"allow":["GET"]}}],"collection":[{"href":"https:\/\/www.sincomam.org.br\/index.php\/wp-json\/wp\/v2\/posts"}],"about":[{"href":"https:\/\/www.sincomam.org.br\/index.php\/wp-json\/wp\/v2\/types\/post"}],"author":[{"embeddable":true,"href":"https:\/\/www.sincomam.org.br\/index.php\/wp-json\/wp\/v2\/users\/1182"}],"replies":[{"embeddable":true,"href":"https:\/\/www.sincomam.org.br\/index.php\/wp-json\/wp\/v2\/comments?post=12175"}],"version-history":[{"count":1,"href":"https:\/\/www.sincomam.org.br\/index.php\/wp-json\/wp\/v2\/posts\/12175\/revisions"}],"predecessor-version":[{"id":12176,"href":"https:\/\/www.sincomam.org.br\/index.php\/wp-json\/wp\/v2\/posts\/12175\/revisions\/12176"}],"wp:attachment":[{"href":"https:\/\/www.sincomam.org.br\/index.php\/wp-json\/wp\/v2\/media?parent=12175"}],"wp:term":[{"taxonomy":"category","embeddable":true,"href":"https:\/\/www.sincomam.org.br\/index.php\/wp-json\/wp\/v2\/categories?post=12175"},{"taxonomy":"post_tag","embeddable":true,"href":"https:\/\/www.sincomam.org.br\/index.php\/wp-json\/wp\/v2\/tags?post=12175"}],"curies":[{"name":"wp","href":"https:\/\/api.w.org\/{rel}","templated":true}]}}