{"id":12163,"date":"2015-05-11T10:40:46","date_gmt":"2015-05-11T13:40:46","guid":{"rendered":"http:\/\/www.sincomam.org.br\/?p=12163"},"modified":"2015-05-11T10:40:46","modified_gmt":"2015-05-11T13:40:46","slug":"presidente-da-sete-brasil-nega-ligacao-com-politicos","status":"publish","type":"post","link":"https:\/\/www.sincomam.org.br\/index.php\/presidente-da-sete-brasil-nega-ligacao-com-politicos\/","title":{"rendered":"Presidente da Sete Brasil nega liga\u00e7\u00e3o com pol\u00edticos"},"content":{"rendered":"<p>O presidente da Sete Brasil, Luiz Eduardo Carneiro, afirmou ontem ao depor na CPI da Petrobras que em um hipot\u00e9tico cen\u00e1rio de quebra da empresa, a Petrobras sentiria &#8220;reflexos muito grandes&#8221;, como atraso no cronograma de explora\u00e7\u00e3o do pr\u00e9-sal, disse o executivo. A Sete Brasil foi criada para gerenciar a constru\u00e7\u00e3o de sondas para a petroleira.<\/p>\n<p>Na semana em que completou um ano no cargo, Carneiro foi \u00e0 CPI para responder aos deputados, que buscavam detalhes sobre supostas irregularidades na opera\u00e7\u00e3o da empresa &#8220;e na venda de ativos da Petrobras na \u00c1frica, com foco em recupera\u00e7\u00e3o de ativos&#8221;. Mas a \u00c1frica e a recupera\u00e7\u00e3o dos ativos ficaram fora das seis horas de quest\u00f5es dos parlamentares, que focaram na estrutura da Sete Brasil, na trajet\u00f3ria profissional e at\u00e9 no sal\u00e1rio de Carneiro.<\/p>\n<p>A Lava-Jato apura suposto esquema de corrup\u00e7\u00e3o ocorrido entre 2004 e 2014. Carneiro assumiu o cargo em maio de 2014. As irregularidades teriam acontecido na gest\u00e3o anterior, de Jo\u00e3o Ferraz, citado pelo ex-gerente de Servi\u00e7os da Petrobras Pedro Barusco em dela\u00e7\u00e3o premiada. Barusco disse aos investigadores que Ferraz fazia parte do esquema de desvio de verbas mantido pelo ex-diretor Renato Duque e recebia dinheiro em contas da offshore Firasa. Ferraz no entanto ainda n\u00e3o foi convocado pela CPI.<\/p>\n<p>Sobre irregularidades na Sete Brasil, Carneiro disse que a empresa contratou auditorias externas para analisar contratos e processos licitat\u00f3rios e nada foi encontrado. Duas auditorias, da Veirano Advogados e da KPMG, ainda est\u00e3o em fase de conclus\u00e3o de relat\u00f3rios.<\/p>\n<p>Quando a Lava-Jato estourou, em mar\u00e7o de 2014, a Sete Brasil estava prestes a assinar contrato com o BNDES. Os financiamentos estancaram, as d\u00edvidas cresceram e em novembro a empresa suspendeu pagamentos a fornecedores. O financiamento do BNDES ainda \u00e9 uma das alternativas para recuperar a Sete Brasil, mas n\u00e3o a \u00fanica, disse Carneiro aos deputados.<\/p>\n<p>&#8220;N\u00e3o estamos contando com o BNDES&#8221;, afirmou. &#8220;Nesse planejamento, h\u00e1 v\u00e1rias alternativas&#8221;, disse, sem especificar quais. Ele acrescentou que a Sete Brasil atravessa &#8220;momento transit\u00f3rio de falta de recursos&#8221; e seu objetivo \u00e9 recuperar a companhia.<\/p>\n<p>Ele afirmou que nunca teve liga\u00e7\u00e3o com partidos pol\u00edticos, que n\u00e3o tem conhecimento sobre doa\u00e7\u00e3o financeira da Sete Brasil para campanhas eleitorais.<\/p>\n<p>Andr\u00e9 Moura (PSC-SE) fez diversas perguntas a Carneiro sobre seu hist\u00f3rico profissional e participa\u00e7\u00f5es em empresas. O executivo disse que n\u00e3o se lembrava de todos os detalhes, e o delegado Waldir (PSDB-GO) fez um coment\u00e1rio: se Carneiro n\u00e3o seria um &#8220;laranja&#8221;, visto que ele pr\u00f3prio &#8211; o delegado &#8211; se lembrava das empresas das quais fez parte.<\/p>\n<p>Deputados questionaram tamb\u00e9m a compet\u00eancia profissional de Carneiro, que trabalhou na falida OGX, de Eike Batista. &#8220;N\u00e3o foi minha passagem pela OGX que me credenciou para assumir o cargo na Sete Brasil. Foi meu hist\u00f3rico de 35 anos de trabalho nesse setor&#8221;, respondeu Carneiro.<\/p>\n<p>O diretor da Sete Brasil, Renato Rodrigues, estava convocado para falar ontem \u00e0 CPI, mas n\u00e3o compareceu por quest\u00f5es de sa\u00fade e deve dep\u00f4r na pr\u00f3xima semana.<\/p>\n<p>Fonte: Valor Econ\u00f4mico<\/p>\n","protected":false},"excerpt":{"rendered":"<p>O presidente da Sete Brasil, Luiz Eduardo Carneiro, afirmou ontem ao depor na CPI da Petrobras que em um hipot\u00e9tico cen\u00e1rio de quebra da empresa,&#8230;<\/p>\n","protected":false},"author":1182,"featured_media":9254,"comment_status":"closed","ping_status":"closed","sticky":false,"template":"","format":"standard","meta":{"footnotes":""},"categories":[6],"tags":[],"class_list":["post-12163","post","type-post","status-publish","format-standard","has-post-thumbnail","hentry","category-noticias"],"_links":{"self":[{"href":"https:\/\/www.sincomam.org.br\/index.php\/wp-json\/wp\/v2\/posts\/12163","targetHints":{"allow":["GET"]}}],"collection":[{"href":"https:\/\/www.sincomam.org.br\/index.php\/wp-json\/wp\/v2\/posts"}],"about":[{"href":"https:\/\/www.sincomam.org.br\/index.php\/wp-json\/wp\/v2\/types\/post"}],"author":[{"embeddable":true,"href":"https:\/\/www.sincomam.org.br\/index.php\/wp-json\/wp\/v2\/users\/1182"}],"replies":[{"embeddable":true,"href":"https:\/\/www.sincomam.org.br\/index.php\/wp-json\/wp\/v2\/comments?post=12163"}],"version-history":[{"count":1,"href":"https:\/\/www.sincomam.org.br\/index.php\/wp-json\/wp\/v2\/posts\/12163\/revisions"}],"predecessor-version":[{"id":12164,"href":"https:\/\/www.sincomam.org.br\/index.php\/wp-json\/wp\/v2\/posts\/12163\/revisions\/12164"}],"wp:featuredmedia":[{"embeddable":true,"href":"https:\/\/www.sincomam.org.br\/index.php\/wp-json\/wp\/v2\/media\/9254"}],"wp:attachment":[{"href":"https:\/\/www.sincomam.org.br\/index.php\/wp-json\/wp\/v2\/media?parent=12163"}],"wp:term":[{"taxonomy":"category","embeddable":true,"href":"https:\/\/www.sincomam.org.br\/index.php\/wp-json\/wp\/v2\/categories?post=12163"},{"taxonomy":"post_tag","embeddable":true,"href":"https:\/\/www.sincomam.org.br\/index.php\/wp-json\/wp\/v2\/tags?post=12163"}],"curies":[{"name":"wp","href":"https:\/\/api.w.org\/{rel}","templated":true}]}}