{"id":12152,"date":"2015-05-11T10:11:28","date_gmt":"2015-05-11T13:11:28","guid":{"rendered":"http:\/\/www.sincomam.org.br\/?p=12152"},"modified":"2015-05-11T10:11:28","modified_gmt":"2015-05-11T13:11:28","slug":"porto-de-cabedelo-movimenta-600-mil-toneladas-de-cargas-nos-primeiros-meses-do-ano","status":"publish","type":"post","link":"https:\/\/www.sincomam.org.br\/index.php\/porto-de-cabedelo-movimenta-600-mil-toneladas-de-cargas-nos-primeiros-meses-do-ano\/","title":{"rendered":"Porto de Cabedelo movimenta 600 mil toneladas de cargas nos primeiros meses do ano"},"content":{"rendered":"<p>Seiscentas mil toneladas de cargas foram movimentadas no Porto de Cabedelo, entre os meses de janeiro e maio de 2015. Nesse per\u00edodo, 57 navios cargueiros vindos de v\u00e1rios pa\u00edses e estados brasileiros atracaram no cais e desembarcaram v\u00e1rios produtos com destaque para combust\u00edveis e coque verde.<\/p>\n<p>Com boa log\u00edstica e localiza\u00e7\u00e3o estrat\u00e9gica no Nordeste, o Porto de Cabedelo registra por dia, atualmente, a movimenta\u00e7\u00e3o de 40 carretas e o trabalho de 60 portu\u00e1rios a cada turno. Investimentos de R$ 3 milh\u00f5es v\u00e3o permitir que as opera\u00e7\u00f5es de desembarque e embarque de cargas ocorram 24 horas.<\/p>\n<p>Das embarca\u00e7\u00f5es que atracaram na Para\u00edba neste ano, tr\u00eas s\u00e3o de cargas para exporta\u00e7\u00e3o de produtos do pr\u00f3prio estado. Em mar\u00e7o, o navio Swift Arrow, das Bahamas, embarcou 6.932 toneladas de granito para a It\u00e1lia. No m\u00eas de abril o navio Ikebana, de Singapura, embarcou para os Estados Unidos 5.611 toneladas de granito; em maio o Challota Narre, com bandeira tailandesa, levou para a Holanda 16.500 toneladas do min\u00e9rio ilmenita, um \u00f3xido natural de ferro e tit\u00e2nio.<\/p>\n<p>O presidente da Companhia Docas da Para\u00edba, Luc\u00e9lio Cartaxo, comemora a movimenta\u00e7\u00e3o e destaca que o Governo do Estado tem feito um esfor\u00e7o no sentido de fazer com o 2015 seja mais um ano positivo para o Porto de Cabedelo. \u201cPara isso, \u00e9 importante que a gente consiga manter a chegada de navios. Sabemos que o momento \u00e9 de dificuldades, mas que estamos enfrentando com muito trabalho e a perspectiva de melhorar mais ainda nossa situa\u00e7\u00e3o no Porto\u201d, pontuou.<\/p>\n<p>Derivados de petr\u00f3leo, \u00e1lcool, coque verde, malte, trigo, p\u00e1 e\u00f3lica, clinker, granito, ilmenita, s\u00e3o os principais produtos que desembarcaram ou embarcaram nos primeiros meses deste ano envolvendo os navios cargueiros procedentes da Fran\u00e7a, Argentina, Estados Unidos, \u00cdndia, Uruguai, Portugal, Su\u00e9cia, Paquist\u00e3o, Singapura, Bahamas, Ilhas Marshall, China, Gr\u00e9cia, Panam\u00e1, Lib\u00e9ria, Chipre e Tail\u00e2ndia.<\/p>\n<p>A vice-presidente da Companhia Docas da Para\u00edba, Gilmara Tem\u00f3teo, revela que desde a primeira gest\u00e3o do governador Ricardo Coutinho o Porto de Cabedelo vem superando, ano a ano, a meta de movimenta\u00e7\u00e3o. \u201cInclusive contrariando todo o cen\u00e1rio nacional porque enquanto em outros portos essas metas de movimenta\u00e7\u00e3o se estabilizam, Cabedelo permanece desenvolvendo um crescimento e este ano agora n\u00f3s perseguimos a meta de 2 milh\u00f5es de toneladas\u201d, destacou a executiva.<\/p>\n<p>Fonte: PB\/Agora<\/p>\n","protected":false},"excerpt":{"rendered":"<p>Seiscentas mil toneladas de cargas foram movimentadas no Porto de Cabedelo, entre os meses de janeiro e maio de 2015. Nesse per\u00edodo, 57 navios cargueiros&#8230;<\/p>\n","protected":false},"author":1182,"featured_media":10000,"comment_status":"closed","ping_status":"closed","sticky":false,"template":"","format":"standard","meta":{"footnotes":""},"categories":[6],"tags":[],"class_list":["post-12152","post","type-post","status-publish","format-standard","has-post-thumbnail","hentry","category-noticias"],"_links":{"self":[{"href":"https:\/\/www.sincomam.org.br\/index.php\/wp-json\/wp\/v2\/posts\/12152","targetHints":{"allow":["GET"]}}],"collection":[{"href":"https:\/\/www.sincomam.org.br\/index.php\/wp-json\/wp\/v2\/posts"}],"about":[{"href":"https:\/\/www.sincomam.org.br\/index.php\/wp-json\/wp\/v2\/types\/post"}],"author":[{"embeddable":true,"href":"https:\/\/www.sincomam.org.br\/index.php\/wp-json\/wp\/v2\/users\/1182"}],"replies":[{"embeddable":true,"href":"https:\/\/www.sincomam.org.br\/index.php\/wp-json\/wp\/v2\/comments?post=12152"}],"version-history":[{"count":1,"href":"https:\/\/www.sincomam.org.br\/index.php\/wp-json\/wp\/v2\/posts\/12152\/revisions"}],"predecessor-version":[{"id":12153,"href":"https:\/\/www.sincomam.org.br\/index.php\/wp-json\/wp\/v2\/posts\/12152\/revisions\/12153"}],"wp:featuredmedia":[{"embeddable":true,"href":"https:\/\/www.sincomam.org.br\/index.php\/wp-json\/wp\/v2\/media\/10000"}],"wp:attachment":[{"href":"https:\/\/www.sincomam.org.br\/index.php\/wp-json\/wp\/v2\/media?parent=12152"}],"wp:term":[{"taxonomy":"category","embeddable":true,"href":"https:\/\/www.sincomam.org.br\/index.php\/wp-json\/wp\/v2\/categories?post=12152"},{"taxonomy":"post_tag","embeddable":true,"href":"https:\/\/www.sincomam.org.br\/index.php\/wp-json\/wp\/v2\/tags?post=12152"}],"curies":[{"name":"wp","href":"https:\/\/api.w.org\/{rel}","templated":true}]}}