{"id":12148,"date":"2015-05-11T10:06:42","date_gmt":"2015-05-11T13:06:42","guid":{"rendered":"http:\/\/www.sincomam.org.br\/?p=12148"},"modified":"2015-05-11T10:06:42","modified_gmt":"2015-05-11T13:06:42","slug":"petrobras-pedira-na-justica-ressarcimento-de-r-1278-bi-de-empreiteiras","status":"publish","type":"post","link":"https:\/\/www.sincomam.org.br\/index.php\/petrobras-pedira-na-justica-ressarcimento-de-r-1278-bi-de-empreiteiras\/","title":{"rendered":"Petrobras pedir\u00e1 na justi\u00e7a ressarcimento de R$ 1,278 bi de empreiteiras"},"content":{"rendered":"<p>A Petrobras vai cobrar na Justi\u00e7a o ressarcimento de R$ 1,278 bilh\u00f5es de empreiteiras investigadas pela Opera\u00e7\u00e3o Lava Jato. A estatal j\u00e1 entrou com a\u00e7\u00f5es judiciais contra duas empresas, Mendes Junior e Engevix, e prepara outras tr\u00eas a\u00e7\u00f5es contra as empresas Camargo Correa, OAS e Galv\u00e3o Engenharia. As a\u00e7\u00f5es foram abertas em coautoria com o Minist\u00e9rio P\u00fablico Federal. A decis\u00e3o reflete o movimento da estatal para recuperar os valores desviados nos contratos, estimados em cerca R$ 6 bilh\u00f5es. De acordo com a companhia, as a\u00e7\u00f5es visam &#8220;garantir o ressarcimento integral dos preju\u00edzos sofridos pela companhia, inclusive aqueles relacionados \u00e0 sua reputa\u00e7\u00e3o&#8221;.<\/p>\n<p>A decis\u00e3o tamb\u00e9m se dirige aos executivos das empreiteiras responsabilizados pelas irregularidades segundo a Pol\u00edcia Federal e o Minist\u00e9rio P\u00fablico Federal. Tamb\u00e9m o ex-diretor de abastecimento da Petrobras, Paulo Roberto Costa, \u00e9 indicado para ressarcir os valores desviados para pagamento de propina a pol\u00edticos, executivos e partidos.<\/p>\n<p>At\u00e9 o momento, j\u00e1 foram protocoladas duas a\u00e7\u00f5es que somam recursos de R$ 452 milh\u00f5es. No dia 30 de abril, foi aberto processo contra a empresa Engevix. Na a\u00e7\u00e3o, a estatal pede o ressarcimento de R$ 154 milh\u00f5es, que poderia ser pago pela holding controladora da empreiteira ou pelos executivos, citados nominalmente no processo. S\u00e3o eles o vice-presidente Gerson de Melo Almada e os representantes da Engevix nas negocia\u00e7\u00f5es com a estatal, Carlos Eduardo Strauch Albero, Newton Prado Junior, e Luiz Roberto Pereira. Paulo Roberto Costa tamb\u00e9m foi inclu\u00eddo como poss\u00edvel alvo para recupera\u00e7\u00e3o dos valores.<\/p>\n<p>Contra a Mendes Junior Participa\u00e7\u00f5es S\/A, a estatal solicitou R$ 298 milh\u00f5es em indeniza\u00e7\u00e3o por dano material e multa. S\u00e3o listados como poss\u00edveis respons\u00e1veis pelo ressarcimento os executivos S\u00e9rgio Cunha Mendes, vice-presidente executivo do grupo, Rog\u00e9rio Cunha de Oliveira, diretor de \u00d3leo e G\u00e1s, \u00c2ngelo Alves Mendes, vice-presidente corporativo, e os representantes nos contratos, Alberto Elisio Vila\u00e7a Gomes. Tamb\u00e9m foram listados o gerente de contratos Jos\u00e9 Humberto Cruvinel Resende e o ex-diretor Paulo Roberto Costa.<\/p>\n<p>Outras cinco a\u00e7\u00f5es est\u00e3o sendo preparadas com coautoria do Minist\u00e9rio P\u00fablico Federal e ser\u00e3o abertas &#8220;nas pr\u00f3ximas semanas&#8221;, segundo a estatal. Os processos v\u00e3o exigir o ressarcimento de R$ 826 milh\u00f5es referentes aos contratos com as empresas Camargo Corr\u00eaa, Galv\u00e3o Engenharia e OAS. Procurada, a Mendes Junior informou que n\u00e3o tem conhecimento da a\u00e7\u00e3o e que por isso n\u00e3o iria se pronunciar. As demais empresas informaram que n\u00e3o v\u00e3o se manifestar no momento.<\/p>\n<p>&#8220;Essas a\u00e7\u00f5es se somam a um conjunto de medidas que est\u00e3o sendo adotadas para garantir o ressarcimento integral dos preju\u00edzos sofridos pela companhia, inclusive aqueles relacionados \u00e0 sua reputa\u00e7\u00e3o, e refor\u00e7am o compromisso da Companhia em cooperar com as investiga\u00e7\u00f5es&#8221;, informou a estatal, em nota publicada na Comiss\u00e3o de Valores Mobili\u00e1rios (CVM).<\/p>\n<p>No \u00faltimo dia 22 de abril, na divulga\u00e7\u00e3o do balan\u00e7o anual da companhia, o presidente Aldemir Bendine j\u00e1 havia indicado que buscaria o ressarcimento das a\u00e7\u00f5es. &#8220;As medidas incluir\u00e3o a\u00e7\u00f5es c\u00edveis contra membros do cartel, nas quais a Petrobras pode ingressar como autora, e espera faz\u00ea-lo. A companhia teria direito aos danos materiais e, possivelmente, \u00e0s multas. Uma vez que ingresse como autora nas a\u00e7\u00f5es, a companhia tamb\u00e9m poder\u00e1 pleitear danos morais&#8221;, diz trecho do relat\u00f3rio de resultados.<\/p>\n<p>Fonte: Jornal do Commercio (POA)<\/p>\n","protected":false},"excerpt":{"rendered":"<p>A Petrobras vai cobrar na Justi\u00e7a o ressarcimento de R$ 1,278 bilh\u00f5es de empreiteiras investigadas pela Opera\u00e7\u00e3o Lava Jato. A estatal j\u00e1 entrou com a\u00e7\u00f5es&#8230;<\/p>\n","protected":false},"author":1182,"featured_media":0,"comment_status":"closed","ping_status":"closed","sticky":false,"template":"","format":"standard","meta":{"footnotes":""},"categories":[6],"tags":[],"class_list":["post-12148","post","type-post","status-publish","format-standard","hentry","category-noticias"],"_links":{"self":[{"href":"https:\/\/www.sincomam.org.br\/index.php\/wp-json\/wp\/v2\/posts\/12148","targetHints":{"allow":["GET"]}}],"collection":[{"href":"https:\/\/www.sincomam.org.br\/index.php\/wp-json\/wp\/v2\/posts"}],"about":[{"href":"https:\/\/www.sincomam.org.br\/index.php\/wp-json\/wp\/v2\/types\/post"}],"author":[{"embeddable":true,"href":"https:\/\/www.sincomam.org.br\/index.php\/wp-json\/wp\/v2\/users\/1182"}],"replies":[{"embeddable":true,"href":"https:\/\/www.sincomam.org.br\/index.php\/wp-json\/wp\/v2\/comments?post=12148"}],"version-history":[{"count":1,"href":"https:\/\/www.sincomam.org.br\/index.php\/wp-json\/wp\/v2\/posts\/12148\/revisions"}],"predecessor-version":[{"id":12149,"href":"https:\/\/www.sincomam.org.br\/index.php\/wp-json\/wp\/v2\/posts\/12148\/revisions\/12149"}],"wp:attachment":[{"href":"https:\/\/www.sincomam.org.br\/index.php\/wp-json\/wp\/v2\/media?parent=12148"}],"wp:term":[{"taxonomy":"category","embeddable":true,"href":"https:\/\/www.sincomam.org.br\/index.php\/wp-json\/wp\/v2\/categories?post=12148"},{"taxonomy":"post_tag","embeddable":true,"href":"https:\/\/www.sincomam.org.br\/index.php\/wp-json\/wp\/v2\/tags?post=12148"}],"curies":[{"name":"wp","href":"https:\/\/api.w.org\/{rel}","templated":true}]}}