{"id":12134,"date":"2015-05-08T09:05:34","date_gmt":"2015-05-08T12:05:34","guid":{"rendered":"http:\/\/www.sincomam.org.br\/?p=12134"},"modified":"2015-05-08T11:06:14","modified_gmt":"2015-05-08T14:06:14","slug":"atencao-postos-de-saude-abrem-amanha-para-vacinacao-contra-a-gripe","status":"publish","type":"post","link":"https:\/\/www.sincomam.org.br\/index.php\/atencao-postos-de-saude-abrem-amanha-para-vacinacao-contra-a-gripe\/","title":{"rendered":"Aten\u00e7\u00e3o: Postos de Sa\u00fade abrem amanh\u00e3 para vacina\u00e7\u00e3o contra a gripe"},"content":{"rendered":"<p>Postos de sa\u00fade em todo o pa\u00eds abrem amanh\u00e3 (9) para o Dia D da Campanha de Vacina\u00e7\u00e3o contra a Gripe. Devem receber a dose crian\u00e7as na faixa a partir de 6 meses e menores de 5 anos, idosos, trabalhadores da sa\u00fade, povos ind\u00edgenas, gestantes, pu\u00e9rperas (mulheres no per\u00edodo de at\u00e9 45 dias ap\u00f3s o parto), presos e funcion\u00e1rios do sistema prisional.<\/p>\n<p>Tamb\u00e9m ser\u00e3o imunizadas pessoas com doen\u00e7as cr\u00f4nicas n\u00e3o transmiss\u00edveis ou com condi\u00e7\u00f5es cl\u00ednicas especiais. Nesse caso, \u00e9 preciso levar tamb\u00e9m uma prescri\u00e7\u00e3o m\u00e9dica especificando o motivo da indica\u00e7\u00e3o da dose.<\/p>\n<p>Pacientes que participam de programas de controle de doen\u00e7as cr\u00f4nicas no Sistema \u00danico de Sa\u00fade (SUS) devem ir aos postos em que est\u00e3o cadastrados para receber a dose, sem necessidade da prescri\u00e7\u00e3o m\u00e9dica.<\/p>\n<p>A vacina\u00e7\u00e3o come\u00e7ou na \u00faltima segunda-feira (4) e continua at\u00e9 o pr\u00f3ximo dia 22. Como o organismo leva, em m\u00e9dia, de duas a tr\u00eas semanas ap\u00f3s a vacina\u00e7\u00e3o para criar os anticorpos que geram a prote\u00e7\u00e3o contra a gripe, a orienta\u00e7\u00e3o \u00e9 fazer a imuniza\u00e7\u00e3o no per\u00edodo de campanha para garantir a prote\u00e7\u00e3o antes do in\u00edcio do inverno.<\/p>\n<p>Fonte: Ag\u00eancia Brasil<\/p>\n","protected":false},"excerpt":{"rendered":"<p>Postos de sa\u00fade em todo o pa\u00eds abrem amanh\u00e3 (9) para o Dia D da Campanha de Vacina\u00e7\u00e3o contra a Gripe. Devem receber a dose&#8230;<\/p>\n","protected":false},"author":1182,"featured_media":5020,"comment_status":"closed","ping_status":"closed","sticky":false,"template":"","format":"standard","meta":{"footnotes":""},"categories":[6],"tags":[],"class_list":["post-12134","post","type-post","status-publish","format-standard","has-post-thumbnail","hentry","category-noticias"],"_links":{"self":[{"href":"https:\/\/www.sincomam.org.br\/index.php\/wp-json\/wp\/v2\/posts\/12134","targetHints":{"allow":["GET"]}}],"collection":[{"href":"https:\/\/www.sincomam.org.br\/index.php\/wp-json\/wp\/v2\/posts"}],"about":[{"href":"https:\/\/www.sincomam.org.br\/index.php\/wp-json\/wp\/v2\/types\/post"}],"author":[{"embeddable":true,"href":"https:\/\/www.sincomam.org.br\/index.php\/wp-json\/wp\/v2\/users\/1182"}],"replies":[{"embeddable":true,"href":"https:\/\/www.sincomam.org.br\/index.php\/wp-json\/wp\/v2\/comments?post=12134"}],"version-history":[{"count":1,"href":"https:\/\/www.sincomam.org.br\/index.php\/wp-json\/wp\/v2\/posts\/12134\/revisions"}],"predecessor-version":[{"id":12135,"href":"https:\/\/www.sincomam.org.br\/index.php\/wp-json\/wp\/v2\/posts\/12134\/revisions\/12135"}],"wp:featuredmedia":[{"embeddable":true,"href":"https:\/\/www.sincomam.org.br\/index.php\/wp-json\/wp\/v2\/media\/5020"}],"wp:attachment":[{"href":"https:\/\/www.sincomam.org.br\/index.php\/wp-json\/wp\/v2\/media?parent=12134"}],"wp:term":[{"taxonomy":"category","embeddable":true,"href":"https:\/\/www.sincomam.org.br\/index.php\/wp-json\/wp\/v2\/categories?post=12134"},{"taxonomy":"post_tag","embeddable":true,"href":"https:\/\/www.sincomam.org.br\/index.php\/wp-json\/wp\/v2\/tags?post=12134"}],"curies":[{"name":"wp","href":"https:\/\/api.w.org\/{rel}","templated":true}]}}