{"id":12132,"date":"2015-05-08T09:10:19","date_gmt":"2015-05-08T12:10:19","guid":{"rendered":"http:\/\/www.sincomam.org.br\/?p=12132"},"modified":"2015-05-08T11:03:17","modified_gmt":"2015-05-08T14:03:17","slug":"sao-paulo-vive-epidemia-de-dengue-confirma-secretaria-municipal-de-saude","status":"publish","type":"post","link":"https:\/\/www.sincomam.org.br\/index.php\/sao-paulo-vive-epidemia-de-dengue-confirma-secretaria-municipal-de-saude\/","title":{"rendered":"S\u00e3o Paulo vive epidemia de dengue, confirma Secretaria Municipal de Sa\u00fade"},"content":{"rendered":"<p><strong><em>Capital paulista registra 38.927 casos da doen\u00e7a e oito mortes<\/em><\/strong><\/p>\n<p>A cidade de S\u00e3o Paulo vive uma epidemia de dengue. Balan\u00e7o divulgado nesta quinta-feira pela Secretaria Municipal de Sa\u00fade mostra que este ano foram confirmados 38.927 casos na cidade, uma taxa de incid\u00eancia m\u00e9dia de 340,1 casos por 100 mil habitantes (para a Organiza\u00e7\u00e3o Mundial de Sa\u00fade (OMS), a epidemia acontece em uma taxa acima de 300 casos por 100 mil habitantes). Oito mortes foram registradas este ano na capital paulista. Outros 25 \u00f3bitos est\u00e3o sob investiga\u00e7\u00e3o.<\/p>\n<p>Apesar de afirmar que a cidade vive uma situa\u00e7\u00e3o epid\u00eamica, o secret\u00e1rio-adjunto de Sa\u00fade, Paulo Puccini, disse que a distribui\u00e7\u00e3o dos casos \u00e9 irregular, pois a m\u00e9dia atinge 31 dos 96 distritos administrativos da cidade.<\/p>\n<p>\u2014 Em termos matem\u00e1ticos, a cidade de S\u00e3o Paulo ultrapassou 300 casos por 100 mil, na m\u00e9dia. Mas a m\u00e9dia \u00e9 uma medida burra quando eu tenho distribui\u00e7\u00f5es irregulares, diferen\u00e7as muito grandes no munic\u00edpio. Mas na m\u00e9dia, o munic\u00edpio est\u00e1 numa situa\u00e7\u00e3o epid\u00eamica \u2014 reconheceu Puccini.<\/p>\n<p>A cidade de S\u00e3o Paulo, desde o \u00faltimo balan\u00e7o da dengue, divulgado em 23 de abril, contabilizou tr\u00eas mortes a mais, totalizando oito \u00f3bitos. Uma das recentes v\u00edtimas tinha 25 anos e era moradora de Cidade L\u00edder (Zona Leste). A v\u00edtima n\u00e3o se encaixa no grupo de risco e n\u00e3o apresentava comorbidades, mas, segundo Puccini, demorou a procurar ajuda m\u00e9dica.<\/p>\n<p>\u2014 Infelizmente, a paciente foi resistente a procurar aux\u00edlio, uma consulta. E quando finalmente foi convencida por uma amiga, ela j\u00e1 estava em estado prec\u00e1rio e veio a falecer \u2014 disse o secret\u00e1rio-adjunto de Sa\u00fade.<\/p>\n<p>Puccini disse ainda que na compara\u00e7\u00e3o com o Estado, que j\u00e1 contabilizou 170 \u00f3bitos, o n\u00famero de mortes na cidade de S\u00e3o Paulo, que tem 1\/4 da popula\u00e7\u00e3o paulista, pode ser considerado baixo.<\/p>\n<p>\u2014 \u00c9 claro que zero \u00f3bito seria o ideal \u2014 disse ele.<\/p>\n<p>O coronel Ricardo Carmona, presente ao an\u00fancio dos dados da dengue, realizado na tarde desta quinta-feira no pr\u00e9dio da Prefeitura paulistana, e Puccini consideraram exitosa a parceria entre o governo municipal e o II Ex\u00e9rcito, que disponibilizou 50 cabos e soldados para percorrer casas com agentes de sa\u00fade no trabalho de eliminar criadouros do mosquito, iniciada no \u00faltimo dia 23 na Zona Norte, regi\u00e3o que registra 38% dos casos da doen\u00e7a. Al\u00e9m disso, dez m\u00e9dicos do Ex\u00e9rcito trabalham em unidades de sa\u00fade (AMAs) das regi\u00f5es mais afetadas pela dengue.<\/p>\n<p>Com a presen\u00e7a do Ex\u00e9rcito, o percentual de recusa em receber os agentes de sa\u00fade caiu de 8% para 3%, segundo o secret\u00e1rio-adjunto.<\/p>\n<p>Segundo o oficial militar, 107 homens do II Ex\u00e9rcito est\u00e3o trabalhando no combate \u00e0 dengue em outros munic\u00edpios paulistas (Campinas, Pindamonhagaba, Lins, Sumar\u00e9, Jacare\u00ed e Rio Claro), al\u00e9m da capital. (*com supervis\u00e3o de Aguinaldo Novo)<\/p>\n<p>Fonte: O Globo \/ Leonardo Guandeline \/ Stella Borges (estagi\u00e1ria)<\/p>\n","protected":false},"excerpt":{"rendered":"<p>Capital paulista registra 38.927 casos da doen\u00e7a e oito mortes A cidade de S\u00e3o Paulo vive uma epidemia de dengue. Balan\u00e7o divulgado nesta quinta-feira pela&#8230;<\/p>\n","protected":false},"author":1182,"featured_media":11626,"comment_status":"closed","ping_status":"closed","sticky":false,"template":"","format":"standard","meta":{"footnotes":""},"categories":[6],"tags":[],"class_list":["post-12132","post","type-post","status-publish","format-standard","has-post-thumbnail","hentry","category-noticias"],"_links":{"self":[{"href":"https:\/\/www.sincomam.org.br\/index.php\/wp-json\/wp\/v2\/posts\/12132","targetHints":{"allow":["GET"]}}],"collection":[{"href":"https:\/\/www.sincomam.org.br\/index.php\/wp-json\/wp\/v2\/posts"}],"about":[{"href":"https:\/\/www.sincomam.org.br\/index.php\/wp-json\/wp\/v2\/types\/post"}],"author":[{"embeddable":true,"href":"https:\/\/www.sincomam.org.br\/index.php\/wp-json\/wp\/v2\/users\/1182"}],"replies":[{"embeddable":true,"href":"https:\/\/www.sincomam.org.br\/index.php\/wp-json\/wp\/v2\/comments?post=12132"}],"version-history":[{"count":1,"href":"https:\/\/www.sincomam.org.br\/index.php\/wp-json\/wp\/v2\/posts\/12132\/revisions"}],"predecessor-version":[{"id":12133,"href":"https:\/\/www.sincomam.org.br\/index.php\/wp-json\/wp\/v2\/posts\/12132\/revisions\/12133"}],"wp:featuredmedia":[{"embeddable":true,"href":"https:\/\/www.sincomam.org.br\/index.php\/wp-json\/wp\/v2\/media\/11626"}],"wp:attachment":[{"href":"https:\/\/www.sincomam.org.br\/index.php\/wp-json\/wp\/v2\/media?parent=12132"}],"wp:term":[{"taxonomy":"category","embeddable":true,"href":"https:\/\/www.sincomam.org.br\/index.php\/wp-json\/wp\/v2\/categories?post=12132"},{"taxonomy":"post_tag","embeddable":true,"href":"https:\/\/www.sincomam.org.br\/index.php\/wp-json\/wp\/v2\/tags?post=12132"}],"curies":[{"name":"wp","href":"https:\/\/api.w.org\/{rel}","templated":true}]}}